{"id":16426,"date":"2014-10-01T09:35:00","date_gmt":"2014-10-01T09:35:00","guid":{"rendered":"https:\/\/cinnamonandcoriander.com\/birnen-kuerbissuppe-mit-apfel-cider-und-vanille\/"},"modified":"2021-08-07T20:50:56","modified_gmt":"2021-08-08T02:50:56","slug":"birnen-kuerbissuppe-mit-apfel-cider-und-vanille","status":"publish","type":"post","link":"https:\/\/cinnamonandcoriander.com\/en\/birnen-kuerbissuppe-mit-apfel-cider-und-vanille\/","title":{"rendered":"Birnen-K\u00fcrbissuppe mit Apfel-Cider und Vanille"},"content":{"rendered":"<p>Und schon ist er da, der Oktober! Meiner Meinung nach ja der sch\u00f6nste Monat des Herbstes.<br \/>\nDer &nbsp;September kann sich ja in unseren Breitengraden oft nicht entscheiden, ob er noch Sommer oder schon Herbst sein soll und entscheidet sich in seiner Verzweiflung dann meist f\u00fcr Regen!<\/p>\n<p>Nein, der Oktober wei\u00df wohin er geh\u00f6rt und die Natur feiert nun mit bunt leuchtenden Laubb\u00e4umen ihren &nbsp;Abschied in den Winterschlaf!<br \/>\nIm Oktober liebe ich es, Morgens am Inn entlang zu gehen und zu sehen, wie der Nebel \u00fcber meiner Drei-Fl\u00fcsse Stadt langsam der goldenen Herbst-Sonne weicht!<br \/>\nAuf dem Heimweg freue ich mich dann schon auf eine sch\u00f6ne Tasse Tee und darauf, etwas in meinen Kochb\u00fcchern zu schm\u00f6kern.<br \/>\nJa, nach einem Action-geladenen Sommer hat der Herbst doch etwas wunderbar entschleunigendes, findet ihr nicht?<br \/>\nDie sinkenden Temperaturen, die Renaissance der Schlabberpullis, warmen Farben &#8230;.<br \/>\nUnd all die feinen Suppen, die jetzt wieder vermehrt auf den Tisch kommen.<br \/>\nMeine erste Wahl ist dabei ja immer K\u00fcrbissuppe.<br \/>\nNicht nur wegen der sch\u00f6nen orangenen Farbe, die so sch\u00f6n die Herbststimmung der Natur wiederspiegelt. Nein &#8211; auch wegen der Vielf\u00e4ltigen Kombinationsm\u00f6glichkeiten!<br \/>\nBesonders gelungen finde ich dabei immer die Paarung des nussig, buttrigen Aromas von K\u00fcrbis mit einer fruchtigen Komponente.<br \/>\nLetztes Jahr war habe ich beispielsweise Hokkaido mit Melone und Wasabi kombiniert ( Hier der Blog-Eintrag dazu). Ein Gedicht!<\/p>\n<p>J\u00fcngst bin ich dann &nbsp;auf ein weiteres Rezept gesto\u00dfen, das sich schon beim Lesen so unwiderstehlich anh\u00f6rte, dass ich nicht umhin konnte, es sofort auszuprobieren.<br \/>\nEs entstammt mal wieder meiner Urlaubslekt\u00fcre, Molly Wizenberg\u00b4s &#8220;A homemade life&#8221;.<br \/>\nEin unglaublich liebevoll geschriebenes und pers\u00f6nliches Buch \u00fcber ihre Kindheit und ihr Leben generell, und ihre Liebe zum Essen im Speziellen. Perfektes Lesefutter f\u00fcr alle Foodies!<\/p>\n<p>Da ich damals gerade im Sommerhaus meiner Schwiegereltern war, war diese Suppe gleichzeitig meine Koch-Premiere in der kanadischen Blockhaus-K\u00fcche!<br \/>\n&nbsp;Das erste Mal die Schwiegereltern zu bekochen ist ja immer ein bisschen aufregend, aber dieses Rezept h\u00f6rte sich einfach zu perfekt an! Zumal wir damals einen erstaunlich kalten Regentag durchlebten und eine w\u00e4rmende Suppe eine perfekte Abwechslung zum daily BBQ darstellte.<\/p>\n<p>In diesem herbstlichen Suppentraum trifft Butternuss K\u00fcrbis auf reife Birnen, echte Bourbon Vanille und Apfel-Cider!<br \/>\nDie Kombination erscheint auf ersten Blick leicht ungew\u00f6hnlich, doch ich sage euch, es schmeckt einfach traumhaft! Wunderbar lieblich und fruchtig mit dem nussig, buttrigen Aroma des Butternuss K\u00fcrbisses,&nbsp;kontrastiert durch die leichten S\u00e4ure des Ciders! Und dann diese wunderbare Vanille-Note im Abgang! Ein absolutes Gourmet-S\u00fcppchen!<\/p>\n<div class=\"separator\" style=\"clear: both; text-align: center;\">\n<a href=\"https:\/\/cinnamonandcoriander.com\/wp-content\/uploads\/2014\/10\/birnen-kurbis-suppe.jpg\" imageanchor=\"1\" style=\"margin-left: 1em; margin-right: 1em;\"><img decoding=\"async\" alt=\"K\u00fcrbissuppe mit Birne und Vanille\" border=\"0\" src=\"https:\/\/cinnamonandcoriander.com\/wp-content\/uploads\/2014\/10\/birnen-kurbis-suppe.jpg\" title=\"Cremige Birnen K\u00fcrbissuppe\" \/><\/a><\/div>\n<p>\nMeine Liebe f\u00fcr Cider habe ich kurz davor w\u00e4hrend meines Irland-Urlaubs wieder entdeckt! Unglaublich, was es da f\u00fcr tolle Geschmacksrichtungen zu kaufen gibt.<br \/>\nIch sage nur: Winterapfel und Rhabarber&#8230;Da werde sogar ich, als eingefleischtes Wein-M\u00e4dchen, schnell mal zum Bier-Trinker.<br \/>\nSolltet ihr Schwierigkeiten haben, an guten Cider oder Apfelwein zu kommen, k\u00f6nnt ihr ihn im Rezept auch einfach durch Apfelsaft ersetzen.<br \/>\nWegen des erh\u00f6hten Zuckergehaltes in Apfelsaft, w\u00fcrde ich die Menge aber etwas reduzieren, da die K\u00fcrbissuppe ja auch noch Birnen enth\u00e4lt und sonst zu s\u00fc\u00df werden k\u00f6nnte.<\/p>\n<div class=\"separator\" style=\"clear: both; text-align: center;\">\n<a href=\"https:\/\/cinnamonandcoriander.com\/wp-content\/uploads\/2014\/10\/Pear-Squash-Soup-with-Vanille-and-Cider.jpg\" imageanchor=\"1\" style=\"margin-left: 1em; margin-right: 1em;\"><img decoding=\"async\" alt=\"Birnen K\u00fcrbissuppe mit Vanille\" border=\"0\" src=\"https:\/\/cinnamonandcoriander.com\/wp-content\/uploads\/2014\/10\/Pear-Squash-Soup-with-Vanille-and-Cider.jpg\" title=\"Birnen K\u00fcrbissuppe mit Cider und Vanille\" \/><\/a><\/div>\n<p><\/p>\n<div class=\"separator\" style=\"clear: both; text-align: center;\">\n<\/div>\n<p>F\u00fcr diese herrliche Birnen- K\u00fcrbissuppe braucht ihr f\u00fcr 4 Personen:<\/p>\n<p>3 El Oliven\u00f6l<br \/>\n1 gro\u00dfen Butternuss-K\u00fcrbis in W\u00fcrfeln<br \/>\n2 reife Birnen, gew\u00fcrfelt<br \/>\n1 gro\u00dfe Zwiebel, gehackt<br \/>\n350 ml Cider<br \/>\nDas Mark einer Vanilleschote<br \/>\n1 Becher Sahne<br \/>\n4 Tassen Br\u00fche<br \/>\n1 Tl Salz<\/p>\n<p>Das Oliven\u00f6l erhitzen und die Zwiebel, die Birnen und die K\u00fcrbis-W\u00fcrfel darin 10-15 Minuten anschwitzen, bis die Birne leicht zerf\u00e4llt und die Zwiebel glasig werden. Mit Cider aufgie\u00dfen und 2 Minuten k\u00f6cheln lassen. Dann die Br\u00fche zugeben und das Ganze f\u00fcr ca 30 Minuten auf mittlerer Hitze vor sich hink\u00f6cheln lassen, bis der K\u00fcrbis sch\u00f6n weich ist.<br \/>\nDie Suppe mit dem P\u00fcrierstab oder dem Foodprocessor zu einer glatten,&nbsp;orangenen Creme p\u00fcrieren.<br \/>\nNun zur\u00fcck auf den Herd stellen und eink\u00f6cheln lasen, bis sie die f\u00fcr euch perfekte Konsistenz hat.<br \/>\nJe nachdem, wie viel St\u00e4rke euer K\u00fcrbis enth\u00e4lt evtl. noch etwas Cider oder Br\u00fche nachgie\u00dfen.<br \/>\nDenkt aber daran, dass auch noch die Sahne dazukommen wird.<br \/>\nDie Sahne mit dem Mark der Vanilleschote in einem kleinen Topf erw\u00e4rmen und dann unter die K\u00fcrbiscreme r\u00fchren. Mit Salz abschmecken.<\/p>\n<p>Die Suppe schmeckt \u00fcbrigens &nbsp;am besten, wenn ihr sie noch etwas stehen lasst und sie nicht zu hei\u00df mit frischem Baguette serviert!<\/p>\n<p>Was f\u00fcr ein Genuss!!!<br \/>\nAlle, ja sogar mein Gourmet-Schwiegerdad, &nbsp;waren schwer begeistert und jeder h\u00e4tte wohl gerne noch Nachschlag gehabt! Beim n\u00e4chsten Mal koche ich wohl die doppelte Menge.<\/p>\n<p>Also, ihr Lieben, wenn es demn\u00e4chst wieder einmal gilt, G\u00e4ste generell und Schwiegereltern im Besonderen, zu beeindrucken, dann kann ich euch diese feine Suppe wirklich nur w\u00e4rmstens empfehlen.<\/p>\n<p>Beim Blick auf das Regenwetter und den Nebel \u00fcber Passau f\u00fchle ich mich jetzt sogar versucht, gleich wieder loszuziehen und meinen Mr. Kanada heute Mittag mit seiner neuen &#8220;Favourite Soup&#8221; zu \u00fcberraschen.<br \/>\nIch glaube, das mache ich jetzt! Und ihr?<\/p>\n<p>In Suppenliebe,<br \/>\nEure Kiki<\/p>\n<p><\/p>\n","protected":false},"excerpt":{"rendered":"<p>Und schon ist er da, der Oktober! Meiner Meinung nach ja der sch\u00f6nste Monat des&#8230;<\/p>\n","protected":false},"author":1,"featured_media":792,"comment_status":"open","ping_status":"closed","sticky":false,"template":"","format":"standard","meta":{"wprm-recipe-roundup-name":"","wprm-recipe-roundup-description":"","_kadence_starter_templates_imported_post":false,"_kad_post_transparent":"","_kad_post_title":"","_kad_post_layout":"","_kad_post_sidebar_id":"","_kad_post_content_style":"","_kad_post_vertical_padding":"","_kad_post_feature":"","_kad_post_feature_position":"","_kad_post_header":false,"_kad_post_footer":false,"_kad_post_classname":"","footnotes":""},"categories":[5552,1,5553],"tags":[],"class_list":["post-16426","post","type-post","status-publish","format-standard","has-post-thumbnail","hentry","category-appetizers-salads","category-uncategorized","category-vegan-vegetarian-dishes"],"yoast_head":"<!-- This site is optimized with the Yoast SEO plugin v27.4 - https:\/\/yoast.com\/product\/yoast-seo-wordpress\/ -->\n<title>Birnen-K\u00fcrbissuppe mit Apfel-Cider und Vanille - Cinnamon&amp;Coriander<\/title>\n<meta name=\"description\" content=\"Und schon ist er da, der Oktober! Meiner Meinung nach ja der sch\u00f6nste Monat des Herbstes. Der &nbsp;September kann sich ja in unseren Breitengraden oft\" \/>\n<meta name=\"robots\" content=\"index, follow, max-snippet:-1, max-image-preview:large, max-video-preview:-1\" \/>\n<link rel=\"canonical\" href=\"https:\/\/cinnamonandcoriander.com\/en\/birnen-kuerbissuppe-mit-apfel-cider-und-vanille\/\" \/>\n<meta property=\"og:locale\" content=\"en_US\" \/>\n<meta property=\"og:type\" content=\"article\" \/>\n<meta property=\"og:title\" content=\"Birnen-K\u00fcrbissuppe mit Apfel-Cider und Vanille - Cinnamon&amp;Coriander\" \/>\n<meta property=\"og:description\" content=\"Und schon ist er da, der Oktober! Meiner Meinung nach ja der sch\u00f6nste Monat des Herbstes. Der &nbsp;September kann sich ja in unseren Breitengraden oft\" \/>\n<meta property=\"og:url\" content=\"https:\/\/cinnamonandcoriander.com\/en\/birnen-kuerbissuppe-mit-apfel-cider-und-vanille\/\" \/>\n<meta property=\"og:site_name\" content=\"Cinnamon&amp;Coriander\" \/>\n<meta property=\"article:publisher\" content=\"https:\/\/www.facebook.com\/cinnamonandcoriander\/\" \/>\n<meta property=\"article:published_time\" content=\"2014-10-01T09:35:00+00:00\" \/>\n<meta property=\"article:modified_time\" content=\"2021-08-08T02:50:56+00:00\" \/>\n<meta property=\"og:image\" content=\"https:\/\/cinnamonandcoriander.com\/wp-content\/uploads\/2014\/10\/birnen-kurbis-suppe.jpg\" \/>\n\t<meta property=\"og:image:width\" content=\"1140\" \/>\n\t<meta property=\"og:image:height\" content=\"760\" \/>\n\t<meta property=\"og:image:type\" content=\"image\/jpeg\" \/>\n<meta name=\"author\" content=\"kikiwp\" \/>\n<meta name=\"twitter:card\" content=\"summary_large_image\" \/>\n<meta name=\"twitter:label1\" content=\"Written by\" \/>\n\t<meta name=\"twitter:data1\" content=\"kikiwp\" \/>\n\t<meta name=\"twitter:label2\" content=\"Est. reading time\" \/>\n\t<meta name=\"twitter:data2\" content=\"4 minutes\" \/>\n<script type=\"application\/ld+json\" class=\"yoast-schema-graph\">{\"@context\":\"https:\\\/\\\/schema.org\",\"@graph\":[{\"@type\":\"Article\",\"@id\":\"https:\\\/\\\/cinnamonandcoriander.com\\\/en\\\/birnen-kuerbissuppe-mit-apfel-cider-und-vanille\\\/#article\",\"isPartOf\":{\"@id\":\"https:\\\/\\\/cinnamonandcoriander.com\\\/en\\\/birnen-kuerbissuppe-mit-apfel-cider-und-vanille\\\/\"},\"author\":{\"name\":\"kikiwp\",\"@id\":\"https:\\\/\\\/cinnamonandcoriander.com\\\/en\\\/#\\\/schema\\\/person\\\/f2e574f3f829f50d65505592a83e3c48\"},\"headline\":\"Birnen-K\u00fcrbissuppe mit Apfel-Cider und Vanille\",\"datePublished\":\"2014-10-01T09:35:00+00:00\",\"dateModified\":\"2021-08-08T02:50:56+00:00\",\"mainEntityOfPage\":{\"@id\":\"https:\\\/\\\/cinnamonandcoriander.com\\\/en\\\/birnen-kuerbissuppe-mit-apfel-cider-und-vanille\\\/\"},\"wordCount\":869,\"commentCount\":0,\"publisher\":{\"@id\":\"https:\\\/\\\/cinnamonandcoriander.com\\\/en\\\/#organization\"},\"image\":{\"@id\":\"https:\\\/\\\/cinnamonandcoriander.com\\\/en\\\/birnen-kuerbissuppe-mit-apfel-cider-und-vanille\\\/#primaryimage\"},\"thumbnailUrl\":\"https:\\\/\\\/cinnamonandcoriander.com\\\/wp-content\\\/uploads\\\/2014\\\/10\\\/birnen-kurbis-suppe.jpg\",\"articleSection\":{\"0\":\"Appetizers &amp; Salads\",\"2\":\"Vegan &amp; Vegetarian Dishes\"},\"inLanguage\":\"en-US\",\"potentialAction\":[{\"@type\":\"CommentAction\",\"name\":\"Comment\",\"target\":[\"https:\\\/\\\/cinnamonandcoriander.com\\\/en\\\/birnen-kuerbissuppe-mit-apfel-cider-und-vanille\\\/#respond\"]}]},{\"@type\":\"WebPage\",\"@id\":\"https:\\\/\\\/cinnamonandcoriander.com\\\/en\\\/birnen-kuerbissuppe-mit-apfel-cider-und-vanille\\\/\",\"url\":\"https:\\\/\\\/cinnamonandcoriander.com\\\/en\\\/birnen-kuerbissuppe-mit-apfel-cider-und-vanille\\\/\",\"name\":\"Birnen-K\u00fcrbissuppe mit Apfel-Cider und Vanille - Cinnamon&amp;Coriander\",\"isPartOf\":{\"@id\":\"https:\\\/\\\/cinnamonandcoriander.com\\\/en\\\/#website\"},\"primaryImageOfPage\":{\"@id\":\"https:\\\/\\\/cinnamonandcoriander.com\\\/en\\\/birnen-kuerbissuppe-mit-apfel-cider-und-vanille\\\/#primaryimage\"},\"image\":{\"@id\":\"https:\\\/\\\/cinnamonandcoriander.com\\\/en\\\/birnen-kuerbissuppe-mit-apfel-cider-und-vanille\\\/#primaryimage\"},\"thumbnailUrl\":\"https:\\\/\\\/cinnamonandcoriander.com\\\/wp-content\\\/uploads\\\/2014\\\/10\\\/birnen-kurbis-suppe.jpg\",\"datePublished\":\"2014-10-01T09:35:00+00:00\",\"dateModified\":\"2021-08-08T02:50:56+00:00\",\"description\":\"Und schon ist er da, der Oktober! Meiner Meinung nach ja der sch\u00f6nste Monat des Herbstes. Der &nbsp;September kann sich ja in unseren Breitengraden oft\",\"breadcrumb\":{\"@id\":\"https:\\\/\\\/cinnamonandcoriander.com\\\/en\\\/birnen-kuerbissuppe-mit-apfel-cider-und-vanille\\\/#breadcrumb\"},\"inLanguage\":\"en-US\",\"potentialAction\":[{\"@type\":\"ReadAction\",\"target\":[\"https:\\\/\\\/cinnamonandcoriander.com\\\/en\\\/birnen-kuerbissuppe-mit-apfel-cider-und-vanille\\\/\"]}]},{\"@type\":\"ImageObject\",\"inLanguage\":\"en-US\",\"@id\":\"https:\\\/\\\/cinnamonandcoriander.com\\\/en\\\/birnen-kuerbissuppe-mit-apfel-cider-und-vanille\\\/#primaryimage\",\"url\":\"https:\\\/\\\/cinnamonandcoriander.com\\\/wp-content\\\/uploads\\\/2014\\\/10\\\/birnen-kurbis-suppe.jpg\",\"contentUrl\":\"https:\\\/\\\/cinnamonandcoriander.com\\\/wp-content\\\/uploads\\\/2014\\\/10\\\/birnen-kurbis-suppe.jpg\",\"width\":1140,\"height\":760},{\"@type\":\"BreadcrumbList\",\"@id\":\"https:\\\/\\\/cinnamonandcoriander.com\\\/en\\\/birnen-kuerbissuppe-mit-apfel-cider-und-vanille\\\/#breadcrumb\",\"itemListElement\":[{\"@type\":\"ListItem\",\"position\":1,\"name\":\"Home\",\"item\":\"https:\\\/\\\/cinnamonandcoriander.com\\\/en\\\/\"},{\"@type\":\"ListItem\",\"position\":2,\"name\":\"Birnen-K\u00fcrbissuppe mit Apfel-Cider und Vanille\"}]},{\"@type\":\"WebSite\",\"@id\":\"https:\\\/\\\/cinnamonandcoriander.com\\\/en\\\/#website\",\"url\":\"https:\\\/\\\/cinnamonandcoriander.com\\\/en\\\/\",\"name\":\"Cinnamon&amp;Coriander\",\"description\":\"multikulturelle Rezepte aus meiner kanadischen K\u00fcche\",\"publisher\":{\"@id\":\"https:\\\/\\\/cinnamonandcoriander.com\\\/en\\\/#organization\"},\"potentialAction\":[{\"@type\":\"SearchAction\",\"target\":{\"@type\":\"EntryPoint\",\"urlTemplate\":\"https:\\\/\\\/cinnamonandcoriander.com\\\/en\\\/?s={search_term_string}\"},\"query-input\":{\"@type\":\"PropertyValueSpecification\",\"valueRequired\":true,\"valueName\":\"search_term_string\"}}],\"inLanguage\":\"en-US\"},{\"@type\":\"Organization\",\"@id\":\"https:\\\/\\\/cinnamonandcoriander.com\\\/en\\\/#organization\",\"name\":\"Cinnamon&Coriander\",\"url\":\"https:\\\/\\\/cinnamonandcoriander.com\\\/en\\\/\",\"logo\":{\"@type\":\"ImageObject\",\"inLanguage\":\"en-US\",\"@id\":\"https:\\\/\\\/cinnamonandcoriander.com\\\/en\\\/#\\\/schema\\\/logo\\\/image\\\/\",\"url\":\"https:\\\/\\\/cinnamonandcoriander.com\\\/wp-content\\\/uploads\\\/2023\\\/09\\\/logo-yoast.png\",\"contentUrl\":\"https:\\\/\\\/cinnamonandcoriander.com\\\/wp-content\\\/uploads\\\/2023\\\/09\\\/logo-yoast.png\",\"width\":566,\"height\":566,\"caption\":\"Cinnamon&Coriander\"},\"image\":{\"@id\":\"https:\\\/\\\/cinnamonandcoriander.com\\\/en\\\/#\\\/schema\\\/logo\\\/image\\\/\"},\"sameAs\":[\"https:\\\/\\\/www.facebook.com\\\/cinnamonandcoriander\\\/\",\"https:\\\/\\\/www.instagram.com\\\/cinnamonandcoriander\\\/\",\"https:\\\/\\\/pinterest.com\\\/kikisurlechamp\\\/\"]},{\"@type\":\"Person\",\"@id\":\"https:\\\/\\\/cinnamonandcoriander.com\\\/en\\\/#\\\/schema\\\/person\\\/f2e574f3f829f50d65505592a83e3c48\",\"name\":\"kikiwp\",\"sameAs\":[\"http:\\\/\\\/cinnamonandcoriander.com\"]}]}<\/script>\n<!-- \/ Yoast SEO plugin. -->","yoast_head_json":{"title":"Birnen-K\u00fcrbissuppe mit Apfel-Cider und Vanille - Cinnamon&amp;Coriander","description":"Und schon ist er da, der Oktober! Meiner Meinung nach ja der sch\u00f6nste Monat des Herbstes. Der &nbsp;September kann sich ja in unseren Breitengraden oft","robots":{"index":"index","follow":"follow","max-snippet":"max-snippet:-1","max-image-preview":"max-image-preview:large","max-video-preview":"max-video-preview:-1"},"canonical":"https:\/\/cinnamonandcoriander.com\/en\/birnen-kuerbissuppe-mit-apfel-cider-und-vanille\/","og_locale":"en_US","og_type":"article","og_title":"Birnen-K\u00fcrbissuppe mit Apfel-Cider und Vanille - Cinnamon&amp;Coriander","og_description":"Und schon ist er da, der Oktober! Meiner Meinung nach ja der sch\u00f6nste Monat des Herbstes. Der &nbsp;September kann sich ja in unseren Breitengraden oft","og_url":"https:\/\/cinnamonandcoriander.com\/en\/birnen-kuerbissuppe-mit-apfel-cider-und-vanille\/","og_site_name":"Cinnamon&amp;Coriander","article_publisher":"https:\/\/www.facebook.com\/cinnamonandcoriander\/","article_published_time":"2014-10-01T09:35:00+00:00","article_modified_time":"2021-08-08T02:50:56+00:00","og_image":[{"width":1140,"height":760,"url":"https:\/\/cinnamonandcoriander.com\/wp-content\/uploads\/2014\/10\/birnen-kurbis-suppe.jpg","type":"image\/jpeg"}],"author":"kikiwp","twitter_card":"summary_large_image","twitter_misc":{"Written by":"kikiwp","Est. reading time":"4 minutes"},"schema":{"@context":"https:\/\/schema.org","@graph":[{"@type":"Article","@id":"https:\/\/cinnamonandcoriander.com\/en\/birnen-kuerbissuppe-mit-apfel-cider-und-vanille\/#article","isPartOf":{"@id":"https:\/\/cinnamonandcoriander.com\/en\/birnen-kuerbissuppe-mit-apfel-cider-und-vanille\/"},"author":{"name":"kikiwp","@id":"https:\/\/cinnamonandcoriander.com\/en\/#\/schema\/person\/f2e574f3f829f50d65505592a83e3c48"},"headline":"Birnen-K\u00fcrbissuppe mit Apfel-Cider und Vanille","datePublished":"2014-10-01T09:35:00+00:00","dateModified":"2021-08-08T02:50:56+00:00","mainEntityOfPage":{"@id":"https:\/\/cinnamonandcoriander.com\/en\/birnen-kuerbissuppe-mit-apfel-cider-und-vanille\/"},"wordCount":869,"commentCount":0,"publisher":{"@id":"https:\/\/cinnamonandcoriander.com\/en\/#organization"},"image":{"@id":"https:\/\/cinnamonandcoriander.com\/en\/birnen-kuerbissuppe-mit-apfel-cider-und-vanille\/#primaryimage"},"thumbnailUrl":"https:\/\/cinnamonandcoriander.com\/wp-content\/uploads\/2014\/10\/birnen-kurbis-suppe.jpg","articleSection":{"0":"Appetizers &amp; Salads","2":"Vegan &amp; Vegetarian Dishes"},"inLanguage":"en-US","potentialAction":[{"@type":"CommentAction","name":"Comment","target":["https:\/\/cinnamonandcoriander.com\/en\/birnen-kuerbissuppe-mit-apfel-cider-und-vanille\/#respond"]}]},{"@type":"WebPage","@id":"https:\/\/cinnamonandcoriander.com\/en\/birnen-kuerbissuppe-mit-apfel-cider-und-vanille\/","url":"https:\/\/cinnamonandcoriander.com\/en\/birnen-kuerbissuppe-mit-apfel-cider-und-vanille\/","name":"Birnen-K\u00fcrbissuppe mit Apfel-Cider und Vanille - Cinnamon&amp;Coriander","isPartOf":{"@id":"https:\/\/cinnamonandcoriander.com\/en\/#website"},"primaryImageOfPage":{"@id":"https:\/\/cinnamonandcoriander.com\/en\/birnen-kuerbissuppe-mit-apfel-cider-und-vanille\/#primaryimage"},"image":{"@id":"https:\/\/cinnamonandcoriander.com\/en\/birnen-kuerbissuppe-mit-apfel-cider-und-vanille\/#primaryimage"},"thumbnailUrl":"https:\/\/cinnamonandcoriander.com\/wp-content\/uploads\/2014\/10\/birnen-kurbis-suppe.jpg","datePublished":"2014-10-01T09:35:00+00:00","dateModified":"2021-08-08T02:50:56+00:00","description":"Und schon ist er da, der Oktober! Meiner Meinung nach ja der sch\u00f6nste Monat des Herbstes. Der &nbsp;September kann sich ja in unseren Breitengraden oft","breadcrumb":{"@id":"https:\/\/cinnamonandcoriander.com\/en\/birnen-kuerbissuppe-mit-apfel-cider-und-vanille\/#breadcrumb"},"inLanguage":"en-US","potentialAction":[{"@type":"ReadAction","target":["https:\/\/cinnamonandcoriander.com\/en\/birnen-kuerbissuppe-mit-apfel-cider-und-vanille\/"]}]},{"@type":"ImageObject","inLanguage":"en-US","@id":"https:\/\/cinnamonandcoriander.com\/en\/birnen-kuerbissuppe-mit-apfel-cider-und-vanille\/#primaryimage","url":"https:\/\/cinnamonandcoriander.com\/wp-content\/uploads\/2014\/10\/birnen-kurbis-suppe.jpg","contentUrl":"https:\/\/cinnamonandcoriander.com\/wp-content\/uploads\/2014\/10\/birnen-kurbis-suppe.jpg","width":1140,"height":760},{"@type":"BreadcrumbList","@id":"https:\/\/cinnamonandcoriander.com\/en\/birnen-kuerbissuppe-mit-apfel-cider-und-vanille\/#breadcrumb","itemListElement":[{"@type":"ListItem","position":1,"name":"Home","item":"https:\/\/cinnamonandcoriander.com\/en\/"},{"@type":"ListItem","position":2,"name":"Birnen-K\u00fcrbissuppe mit Apfel-Cider und Vanille"}]},{"@type":"WebSite","@id":"https:\/\/cinnamonandcoriander.com\/en\/#website","url":"https:\/\/cinnamonandcoriander.com\/en\/","name":"Cinnamon&amp;Coriander","description":"multikulturelle Rezepte aus meiner kanadischen K\u00fcche","publisher":{"@id":"https:\/\/cinnamonandcoriander.com\/en\/#organization"},"potentialAction":[{"@type":"SearchAction","target":{"@type":"EntryPoint","urlTemplate":"https:\/\/cinnamonandcoriander.com\/en\/?s={search_term_string}"},"query-input":{"@type":"PropertyValueSpecification","valueRequired":true,"valueName":"search_term_string"}}],"inLanguage":"en-US"},{"@type":"Organization","@id":"https:\/\/cinnamonandcoriander.com\/en\/#organization","name":"Cinnamon&Coriander","url":"https:\/\/cinnamonandcoriander.com\/en\/","logo":{"@type":"ImageObject","inLanguage":"en-US","@id":"https:\/\/cinnamonandcoriander.com\/en\/#\/schema\/logo\/image\/","url":"https:\/\/cinnamonandcoriander.com\/wp-content\/uploads\/2023\/09\/logo-yoast.png","contentUrl":"https:\/\/cinnamonandcoriander.com\/wp-content\/uploads\/2023\/09\/logo-yoast.png","width":566,"height":566,"caption":"Cinnamon&Coriander"},"image":{"@id":"https:\/\/cinnamonandcoriander.com\/en\/#\/schema\/logo\/image\/"},"sameAs":["https:\/\/www.facebook.com\/cinnamonandcoriander\/","https:\/\/www.instagram.com\/cinnamonandcoriander\/","https:\/\/pinterest.com\/kikisurlechamp\/"]},{"@type":"Person","@id":"https:\/\/cinnamonandcoriander.com\/en\/#\/schema\/person\/f2e574f3f829f50d65505592a83e3c48","name":"kikiwp","sameAs":["http:\/\/cinnamonandcoriander.com"]}]}},"_links":{"self":[{"href":"https:\/\/cinnamonandcoriander.com\/en\/wp-json\/wp\/v2\/posts\/16426","targetHints":{"allow":["GET"]}}],"collection":[{"href":"https:\/\/cinnamonandcoriander.com\/en\/wp-json\/wp\/v2\/posts"}],"about":[{"href":"https:\/\/cinnamonandcoriander.com\/en\/wp-json\/wp\/v2\/types\/post"}],"author":[{"embeddable":true,"href":"https:\/\/cinnamonandcoriander.com\/en\/wp-json\/wp\/v2\/users\/1"}],"replies":[{"embeddable":true,"href":"https:\/\/cinnamonandcoriander.com\/en\/wp-json\/wp\/v2\/comments?post=16426"}],"version-history":[{"count":0,"href":"https:\/\/cinnamonandcoriander.com\/en\/wp-json\/wp\/v2\/posts\/16426\/revisions"}],"wp:featuredmedia":[{"embeddable":true,"href":"https:\/\/cinnamonandcoriander.com\/en\/wp-json\/wp\/v2\/media\/792"}],"wp:attachment":[{"href":"https:\/\/cinnamonandcoriander.com\/en\/wp-json\/wp\/v2\/media?parent=16426"}],"wp:term":[{"taxonomy":"category","embeddable":true,"href":"https:\/\/cinnamonandcoriander.com\/en\/wp-json\/wp\/v2\/categories?post=16426"},{"taxonomy":"post_tag","embeddable":true,"href":"https:\/\/cinnamonandcoriander.com\/en\/wp-json\/wp\/v2\/tags?post=16426"}],"curies":[{"name":"wp","href":"https:\/\/api.w.org\/{rel}","templated":true}]}}