{"id":29,"date":"2026-02-10T18:40:24","date_gmt":"2026-02-11T00:40:24","guid":{"rendered":"https:\/\/cinnamonandcoriander.com\/2015\/07\/18\/deep-dark-black-forest-cheesecake\/"},"modified":"2026-02-10T18:40:26","modified_gmt":"2026-02-11T00:40:26","slug":"black-forest-cheesecake-cupcakes","status":"publish","type":"post","link":"https:\/\/cinnamonandcoriander.com\/de\/black-forest-cheesecake-cupcakes\/","title":{"rendered":"Schwarzw\u00e4lder Kirsch Mini K\u00e4sekuchen aus der Muffinform"},"content":{"rendered":"\n<p><strong>Schwarzw\u00e4lder Kirsch Mini K\u00e4sekuchen<\/strong> in der Muffinform mit dunkler Schokolade, Oreo-Boden und gl\u00e4nzender Kirschf\u00fcllung. Wenn du schnelle K\u00e4sekuchen Muffins suchst, die sich perfekt vorbereiten lassen, sind diese mini Schwarzw\u00e4lder K\u00e4sekuchen ideal f\u00fcr Valentinstag, Muttertag, Partys oder ein festliches Kuchenbuffet. Als einfache Mini Desserts sehen sie elegant aus, sind aber unkompliziert gebacken und gelingen auch Backanf\u00e4ngern zuverl\u00e4ssig<\/p>\n\n\n<div class=\"wp-block-image\">\n<figure class=\"aligncenter size-full\"><img loading=\"lazy\" decoding=\"async\" width=\"832\" height=\"1248\" data-pin-description=\"Schwarzw\u00e4lder Kirsch Mini K\u00e4sekuchen in der Muffinform mit dunkler Schokolade, Oreo-Boden und gl\u00e4nzender Kirschf\u00fcllung. Wenn du schnelle K\u00e4sekuchen Muffins suchst, die sich perfekt vorbereiten lassen, sind diese mini Schwarzw\u00e4lder K\u00e4sekuchen ideal f\u00fcr Valentinstag, Muttertag, Partys oder ein festliches Kuchenbuffet. Als einfache Mini Desserts sehen sie elegant aus, sind aber unkompliziert gebacken und gelingen auch Backanf\u00e4ngern zuverl\u00e4ssig\" src=\"https:\/\/cinnamonandcoriander.com\/wp-content\/uploads\/2015\/07\/mini-schwarzwaelder-kirsch-kaesekuchen-1.jpg\" alt=\"mini Schwarzw\u00e4lder K\u00e4sekuchen aus der Muffinform  mit Kirsch Topping und Sahne dekoriert\" class=\"wp-image-84569\" srcset=\"https:\/\/cinnamonandcoriander.com\/wp-content\/uploads\/2015\/07\/mini-schwarzwaelder-kirsch-kaesekuchen-1.jpg 832w, https:\/\/cinnamonandcoriander.com\/wp-content\/uploads\/2015\/07\/mini-schwarzwaelder-kirsch-kaesekuchen-1-100x150.jpg 100w\" sizes=\"auto, (max-width: 832px) 100vw, 832px\" \/><\/figure>\n<\/div>\n\n\n<p><\/p>\n\n\n\n<p>Schwarzw\u00e4lder Kirschtorte in handlich? Sehr gerne.<br>Diese <strong>Schwarzw\u00e4lder Kirsch Mini K\u00e4sekuchen<\/strong> sind im Prinzip ein Mini K\u00e4sekuchen in Muffinform \u2013 nur mit extra viel Schokolade und dieser klassischen, angedickten Kirschf\u00fcllung.<\/p>\n\n\n\n<p>Wenn du schnelle K\u00e4sekuchen Muffins suchst, die beeindruckend aussehen, aber technisch unkompliziert sind, bist du hier richtig.<\/p>\n\n\n\n<p>Perfekt f\u00fcr den Valentinstag \ud83c\udf52, Muttertag, Partys, Kuchen Buffet oder wenn du einfach keine Lust auf eine gro\u00dfe Torte hast.<\/p>\n\n\n\n<h2 class=\"wp-block-heading\">Warum diese Mini Schwarzw\u00e4lder K\u00e4sekuchen funktionieren<\/h2>\n\n\n\n<ul class=\"wp-block-list\">\n<li>\u2714 Mini K\u00e4sekuchen in Muffinform \u2013 kein Wasserbad<\/li>\n\n\n\n<li>\u2714 Schnell gebacken (15\u201317 Minuten)<\/li>\n\n\n\n<li>\u2714 Ideal zum Vorbereiten<\/li>\n\n\n\n<li>\u2714 L\u00e4sst sich gut transportieren<\/li>\n\n\n\n<li>\u2714 Sieht aus wie Konditorei, schmeckt wie Schwarzwald<\/li>\n<\/ul>\n\n\n\n<p>Und ja, das sind einfache Mini Desserts. Aber eben solche, die nicht langweilig schmecken.<\/p>\n\n\n\n<figure class=\"wp-block-image size-full\"><img loading=\"lazy\" decoding=\"async\" width=\"832\" height=\"1248\" data-pin-description=\"Schwarzw\u00e4lder Kirsch Mini K\u00e4sekuchen in der Muffinform mit dunkler Schokolade, Oreo-Boden und gl\u00e4nzender Kirschf\u00fcllung. Wenn du schnelle K\u00e4sekuchen Muffins suchst, die sich perfekt vorbereiten lassen, sind diese mini Schwarzw\u00e4lder K\u00e4sekuchen ideal f\u00fcr Valentinstag, Muttertag, Partys oder ein festliches Kuchenbuffet. Als einfache Mini Desserts sehen sie elegant aus, sind aber unkompliziert gebacken und gelingen auch Backanf\u00e4ngern zuverl\u00e4ssig\" src=\"https:\/\/cinnamonandcoriander.com\/wp-content\/uploads\/2015\/07\/black-forest-mini-cheesecakes-1.jpg\" alt=\"ein Mini Schokoladen K\u00e4sekuchen mit Sahne wird mit Kirschen getoppt und wird so zum Schwarzw\u00e4lder K\u00e4sekuchen\" class=\"wp-image-84570\" title=\"Deep Dark Black Forest Cheesecake Cupcakes\" srcset=\"https:\/\/cinnamonandcoriander.com\/wp-content\/uploads\/2015\/07\/black-forest-mini-cheesecakes-1.jpg 832w, https:\/\/cinnamonandcoriander.com\/wp-content\/uploads\/2015\/07\/black-forest-mini-cheesecakes-1-100x150.jpg 100w\" sizes=\"auto, (max-width: 832px) 100vw, 832px\" \/><\/figure>\n\n\n\n<p>Schokoladen-technisch wirds hier ziemlich heftig, denn wir greifen hier zur guten 70% Schokolade. Um dem innerern Chocoholic noch etwas f\u00fcrs Auge zu bieten, zaubern wir zuunterst eine tiefschwarze Cookie &#8211; Crust aus zerkr\u00fcmelten Oreos! Optisch ein absoluter Kracher!<\/p>\n\n\n\n<figure class=\"wp-block-image size-full\"><img loading=\"lazy\" decoding=\"async\" width=\"864\" height=\"1184\" data-pin-description=\"Schwarzw\u00e4lder Kirsch Mini K\u00e4sekuchen in der Muffinform mit dunkler Schokolade, Oreo-Boden und gl\u00e4nzender Kirschf\u00fcllung. Wenn du schnelle K\u00e4sekuchen Muffins suchst, die sich perfekt vorbereiten lassen, sind diese mini Schwarzw\u00e4lder K\u00e4sekuchen ideal f\u00fcr Valentinstag, Muttertag, Partys oder ein festliches Kuchenbuffet. Als einfache Mini Desserts sehen sie elegant aus, sind aber unkompliziert gebacken und gelingen auch Backanf\u00e4ngern zuverl\u00e4ssig\" src=\"https:\/\/cinnamonandcoriander.com\/wp-content\/uploads\/2015\/07\/schwarzwaelder-mini-kaesekuchen-1.jpg\" alt=\"ein Schwarzw\u00e4lder Mini K\u00e4sekuchen mit Sahne, geraspelter Schokoladen und Kirsch Topping \" class=\"wp-image-84571\" title=\"Black Forest Cheesecake Cupcakes\" srcset=\"https:\/\/cinnamonandcoriander.com\/wp-content\/uploads\/2015\/07\/schwarzwaelder-mini-kaesekuchen-1.jpg 864w, https:\/\/cinnamonandcoriander.com\/wp-content\/uploads\/2015\/07\/schwarzwaelder-mini-kaesekuchen-1-109x150.jpg 109w\" sizes=\"auto, (max-width: 864px) 100vw, 864px\" \/><\/figure>\n\n\n\n<p>Um den &#8220;Schneewittchen im Schwarzwald &#8211; Look &#8221; zu perfektionieren versehen wir unsere Black Forest Cheesecake Cupcakes mit je einem Nest aus Vanille-Sahne, in dem unsere beschwipsten Kirschen ihren Kirschwasser-bedingten Rausch ausschlafen<\/p>\n\n\n\n<figure class=\"wp-block-image size-full\"><img loading=\"lazy\" decoding=\"async\" width=\"832\" height=\"1248\" data-pin-description=\"Schwarzw\u00e4lder Kirsch Mini K\u00e4sekuchen in der Muffinform mit dunkler Schokolade, Oreo-Boden und gl\u00e4nzender Kirschf\u00fcllung. Wenn du schnelle K\u00e4sekuchen Muffins suchst, die sich perfekt vorbereiten lassen, sind diese mini Schwarzw\u00e4lder K\u00e4sekuchen ideal f\u00fcr Valentinstag, Muttertag, Partys oder ein festliches Kuchenbuffet. Als einfache Mini Desserts sehen sie elegant aus, sind aber unkompliziert gebacken und gelingen auch Backanf\u00e4ngern zuverl\u00e4ssig\" src=\"https:\/\/cinnamonandcoriander.com\/wp-content\/uploads\/2015\/07\/mini-black-forest-cheesecake-recipe-1.jpg\" alt=\"ein halb aufgegessener Schwarzw\u00e4lder Mini K\u00e4sekuchen mit Kirschen und Sahne \" class=\"wp-image-84572\" srcset=\"https:\/\/cinnamonandcoriander.com\/wp-content\/uploads\/2015\/07\/mini-black-forest-cheesecake-recipe-1.jpg 832w, https:\/\/cinnamonandcoriander.com\/wp-content\/uploads\/2015\/07\/mini-black-forest-cheesecake-recipe-1-100x150.jpg 100w\" sizes=\"auto, (max-width: 832px) 100vw, 832px\" \/><\/figure>\n\n\n\n<h2 class=\"wp-block-heading\">Tipps<\/h2>\n\n\n\n<ul class=\"wp-block-list\">\n<li>\u00a0<strong>Zimmertemperatur ist Pflicht.<\/strong> Frischk\u00e4se und Eier zwei Stunden vorher rausnehmen.<\/li>\n\n\n\n<li><strong>Nicht \u00fcberr\u00fchren.<\/strong> Sobald die Eier drin sind: nur kurz mischen.<\/li>\n\n\n\n<li><strong>Nicht \u00fcberbacken.<\/strong> Die Mitte darf noch leicht wackeln.<\/li>\n\n\n\n<li><strong>Kirschf\u00fcllung richtig andicken.<\/strong> Die St\u00e4rke sorgt f\u00fcr den typischen Glanz und daf\u00fcr, dass die F\u00fcllung nicht davonl\u00e4uft.<\/li>\n\n\n\n<li><strong>Gut k\u00fchlen.<\/strong> Mindestens 2 Stunden \u2013 besser l\u00e4nger.<\/li>\n<\/ul>\n\n\n\n<h2 class=\"wp-block-heading\">Tools, die dir das Leben leichter machen<\/h2>\n\n\n\n<p>F\u00fcr Mini K\u00e4sekuchen in Muffinform brauchst du kein Profi-Equipment, aber ein paar Dinge machen es deutlich entspannter:<\/p>\n\n\n\n<ul class=\"wp-block-list\">\n<li><a href=\"https:\/\/amzn.to\/4qsXJfS\" rel=\"nofollow\">Eine stabile Muffinform<\/a><\/li>\n\n\n\n<li>Gute Papierf\u00f6rmchen &#8211; ich bin ein Fan von <a href=\"https:\/\/amzn.to\/4rDuhEV\" rel=\"nofollow\">denen hier<\/a> &#8211; g\u00fcnstig und rei\u00dfen nicht<\/li>\n\n\n\n<li><a href=\"https:\/\/amzn.to\/403GW8q\" rel=\"nofollow\">Ein Food Processor<\/a> f\u00fcr feine Oreo-Kr\u00fcmel<\/li>\n\n\n\n<li><a href=\"https:\/\/amzn.to\/3OjkjKx\" rel=\"nofollow\">Ein Eisportionierer <\/a>f\u00fcr gleichm\u00e4\u00dfiges Bef\u00fcllen<\/li>\n\n\n\n<li>Spritzbeutel <a href=\"https:\/\/amzn.to\/4bJH9Vz\" rel=\"nofollow\">mit Sternt\u00fclle <\/a>f\u00fcr saubere Sahnekringel<\/li>\n\n\n\n<li><a href=\"https:\/\/amzn.to\/4avcvgn\" rel=\"nofollow\">eine gute Vanille Paste<\/a><\/li>\n<\/ul>\n\n\n<div id=\"recipe\"><\/div><div id=\"wprm-recipe-container-84573\" class=\"wprm-recipe-container\" data-recipe-id=\"84573\" data-servings=\"12\"><div class=\"wprm-recipe wprm-recipe-simple\">\n\t<div class=\"wprm-recipe-image-container\">\n\t\t<div class=\"wprm-recipe-image\"><img decoding=\"async\" src=\"https:\/\/cinnamonandcoriander.com\/wp-content\/uploads\/2015\/07\/schwarzwalder-kirsch-mini-kasekuchen.jpg\" class=\"attachment-thumbnail size-thumbnail\" alt=\"schwarzw\u00e4lder kirsch mini k\u00e4sekuchen mit Sahne und Kirschen Dekoriert\" srcset=\"https:\/\/cinnamonandcoriander.com\/wp-content\/uploads\/2015\/07\/schwarzwalder-kirsch-mini-kasekuchen-150x150.jpg 150w, https:\/\/cinnamonandcoriander.com\/wp-content\/uploads\/2015\/07\/schwarzwalder-kirsch-mini-kasekuchen.jpg 1500w\" sizes=\"(max-width: 150px) 100vw, 150px\" \/><\/div>\n\t\t<div class=\"wprm-recipe-buttons\">\n\t\t\t\t\t\t<a href=\"https:\/\/cinnamonandcoriander.com\/de\/wprm_print\/schwarzwaelder-kirsch-mini-kaesekuchen\" class=\"wprm-recipe-print\" target=\"_blank\" rel=\"nofollow\"><span class=\"wprm-recipe-details-icon\"><svg xmlns=\"http:\/\/www.w3.org\/2000\/svg\" xmlns:xlink=\"http:\/\/www.w3.org\/1999\/xlink\" x=\"0px\" y=\"0px\" width=\"16px\" height=\"16px\" viewBox=\"0 0 24 24\"><g ><path fill=\"#343434\" d=\"M19,5.09V1c0-0.552-0.448-1-1-1H6C5.448,0,5,0.448,5,1v4.09C2.167,5.569,0,8.033,0,11v7c0,0.552,0.448,1,1,1h4v4c0,0.552,0.448,1,1,1h12c0.552,0,1-0.448,1-1v-4h4c0.552,0,1-0.448,1-1v-7C24,8.033,21.833,5.569,19,5.09z M7,2h10v3H7V2z M17,22H7v-9h10V22z M18,10c-0.552,0-1-0.448-1-1c0-0.552,0.448-1,1-1s1,0.448,1,1C19,9.552,18.552,10,18,10z\"\/><\/g><\/svg><\/span> Print<\/a>\n\t\t<\/div>\n\t<\/div>\n\t<h2 class=\"wprm-recipe-name\">Schwarzw\u00e4lder Kirsch Mini K\u00e4sekuchen<\/h2>\n\t<div class=\"wprm-recipe-summary\">\n\t\t<p><strong>Schwarzw\u00e4lder Kirsch Mini K\u00e4sekuchen<\/strong> in der Muffinform mit dunkler Schokolade, Oreo-Boden und gl\u00e4nzender Kirschf\u00fcllung. Wenn du schnelle K\u00e4sekuchen Muffins suchst, die sich perfekt vorbereiten lassen, sind diese mini Schwarzw\u00e4lder K\u00e4sekuchen ideal f\u00fcr Valentinstag, Muttertag, Partys oder ein festliches Kuchenbuffet. Als einfache Mini Desserts sehen sie elegant aus, sind aber unkompliziert gebacken und gelingen auch Backanf\u00e4ngern zuverl\u00e4ssigErgibt 12 Mini K\u00e4sekuchen in Muffinform<\/p>\t<\/div>\n\t<div class=\"wprm-recipe-details-container wprm-recipe-tags-container\">\n\t\t\t\t\t<div class=\"wprm-recipe-course-container\">\n\t\t\t\t<span class=\"wprm-recipe-details-icon\"><svg xmlns=\"http:\/\/www.w3.org\/2000\/svg\" xmlns:xlink=\"http:\/\/www.w3.org\/1999\/xlink\" x=\"0px\" y=\"0px\" width=\"16px\" height=\"16px\" viewBox=\"0 0 24 24\"><g ><path fill=\"#000000\" d=\"M22.707,12.293l-11-11C11.52,1.106,11.265,1,11,1H2C1.448,1,1,1.448,1,2v9c0,0.265,0.105,0.52,0.293,0.707l11,11C12.488,22.903,12.744,23,13,23s0.512-0.098,0.707-0.293l9-9C23.098,13.317,23.098,12.684,22.707,12.293z M7,9C5.895,9,5,8.105,5,7c0-1.105,0.895-2,2-2s2,0.895,2,2C9,8.105,8.105,9,7,9z M13,17.414L8.586,13L10,11.586L14.414,16L13,17.414z M16,14.414L11.586,10L13,8.586L17.414,13L16,14.414z\"\/><\/g><\/svg><\/span> <span class=\"wprm-recipe-details-name wprm-recipe-course-name\">Course<\/span>\n\t\t\t\t<span class=\"wprm-recipe-course\">\n\t\t\t\t\tDessert\t\t\t\t<\/span>\n\t\t\t<\/div>\n\t\t\t\t\t<div class=\"wprm-recipe-cuisine-container\">\n\t\t\t\t<span class=\"wprm-recipe-details-icon\"><svg xmlns=\"http:\/\/www.w3.org\/2000\/svg\" xmlns:xlink=\"http:\/\/www.w3.org\/1999\/xlink\" x=\"0px\" y=\"0px\" width=\"16px\" height=\"16px\" viewBox=\"0 0 24 24\"><g ><path fill=\"#000000\" d=\"M22.707,12.293l-11-11C11.52,1.106,11.265,1,11,1H2C1.448,1,1,1.448,1,2v9c0,0.265,0.105,0.52,0.293,0.707l11,11C12.488,22.903,12.744,23,13,23s0.512-0.098,0.707-0.293l9-9C23.098,13.317,23.098,12.684,22.707,12.293z M7,9C5.895,9,5,8.105,5,7c0-1.105,0.895-2,2-2s2,0.895,2,2C9,8.105,8.105,9,7,9z M13,17.414L8.586,13L10,11.586L14.414,16L13,17.414z M16,14.414L11.586,10L13,8.586L17.414,13L16,14.414z\"\/><\/g><\/svg><\/span> <span class=\"wprm-recipe-details-name wprm-recipe-cuisine-name\">Cuisine<\/span>\n\t\t\t\t<span class=\"wprm-recipe-cuisine\">\n\t\t\t\t\tamerikanisch, Deutsch\t\t\t\t<\/span>\n\t\t\t<\/div>\n\t\t\t\t\t<div class=\"wprm-recipe-keyword-container\">\n\t\t\t\t<span class=\"wprm-recipe-details-icon\"><svg xmlns=\"http:\/\/www.w3.org\/2000\/svg\" xmlns:xlink=\"http:\/\/www.w3.org\/1999\/xlink\" x=\"0px\" y=\"0px\" width=\"16px\" height=\"16px\" viewBox=\"0 0 24 24\"><g ><path fill=\"#000000\" d=\"M22.707,12.293l-11-11C11.52,1.106,11.265,1,11,1H2C1.448,1,1,1.448,1,2v9c0,0.265,0.105,0.52,0.293,0.707l11,11C12.488,22.903,12.744,23,13,23s0.512-0.098,0.707-0.293l9-9C23.098,13.317,23.098,12.684,22.707,12.293z M7,9C5.895,9,5,8.105,5,7c0-1.105,0.895-2,2-2s2,0.895,2,2C9,8.105,8.105,9,7,9z M13,17.414L8.586,13L10,11.586L14.414,16L13,17.414z M16,14.414L11.586,10L13,8.586L17.414,13L16,14.414z\"\/><\/g><\/svg><\/span> <span class=\"wprm-recipe-details-name wprm-recipe-keyword-name\">Keyword<\/span>\n\t\t\t\t<span class=\"wprm-recipe-keyword\">\n\t\t\t\t\tk\u00e4sekuchen aus der muffins form, mini k\u00e4sekuchen, schwarzw\u00e4lder k\u00e4sekuchen, schwarzw\u00e4lder kirsch k\u00e4sekuchen\t\t\t\t<\/span>\n\t\t\t<\/div>\n\t\t\t<\/div>\n\t<div class=\"wprm-recipe-details-container wprm-recipe-times-container\">\n\t\t\t\t<div class=\"wprm-recipe-prep-time-container\">\n\t\t\t<span class=\"wprm-recipe-details-icon\"><svg xmlns=\"http:\/\/www.w3.org\/2000\/svg\" xmlns:xlink=\"http:\/\/www.w3.org\/1999\/xlink\" x=\"0px\" y=\"0px\" width=\"16px\" height=\"16px\" viewBox=\"0 0 24 24\"><g ><path data-color=\"color-2\" fill=\"#000000\" d=\"M4.3,16.6l-2.2,2.2c-0.6,0.6-0.9,1.3-0.9,2.1c0,0.8,0.3,1.6,0.9,2.1s1.3,0.9,2.1,0.9c0.8,0,1.6-0.3,2.1-0.9l2.2-2.2L4.3,16.6z\"\/><path fill=\"#000000\" d=\"M22.6,5.4l-3.5-3.5c-1.1-1.1-2.6-1.8-4.2-1.8s-3.1,0.6-4.2,1.8l-8.4,8.4c-0.4,0.4-0.4,1,0,1.4l7.1,7.1C9.5,18.9,9.7,19,10,19c0,0,0,0,0,0c0.3,0,0.5-0.1,0.7-0.3L22.6,6.8C23,6.4,23,5.8,22.6,5.4z M9.2,14.6l-1.4-1.4l6.4-6.4l1.4,1.4L9.2,14.6z\"\/><\/g><\/svg><\/span> <span class=\"wprm-recipe-details-name wprm-recipe-prep-time-name\">Prep Time<\/span> <span class=\"wprm-recipe-details wprm-recipe-details-hours wprm-recipe-prep_time wprm-recipe-prep_time-hours\">1<\/span> <span class=\"wprm-recipe-details-unit wprm-recipe-details-unit-hours wprm-recipe-prep_time-unit wprm-recipe-prep_timeunit-hours\">Stunde<\/span>\t\t<\/div>\n\t\t\t\t\t\t<div class=\"wprm-recipe-cook-time-container\">\n\t\t\t<span class=\"wprm-recipe-details-icon\"><svg xmlns=\"http:\/\/www.w3.org\/2000\/svg\" xmlns:xlink=\"http:\/\/www.w3.org\/1999\/xlink\" x=\"0px\" y=\"0px\" width=\"16px\" height=\"16px\" viewBox=\"0 0 24 24\"><g ><path data-color=\"color-2\" fill=\"#000000\" d=\"M9,9c0.6,0,1-0.4,1-1V4c0-0.6-0.4-1-1-1S8,3.4,8,4v4C8,8.6,8.4,9,9,9z\"\/><path data-color=\"color-2\" fill=\"#000000\" d=\"M4,12c0.6,0,1-0.4,1-1V7c0-0.6-0.4-1-1-1S3,6.4,3,7v4C3,11.6,3.4,12,4,12z\"\/><path data-color=\"color-2\" fill=\"#000000\" d=\"M14,12c0.6,0,1-0.4,1-1V7c0-0.6-0.4-1-1-1s-1,0.4-1,1v4C13,11.6,13.4,12,14,12z\"\/><path fill=\"#000000\" d=\"M23,14h-5H1c-0.6,0-1,0.4-1,1v3c0,1.7,1.3,3,3,3h13c1.7,0,3-1.3,3-3v-1h4c0.6,0,1-0.4,1-1v-1C24,14.4,23.6,14,23,14z\"\/><\/g><\/svg><\/span> <span class=\"wprm-recipe-details-name wprm-recipe-cook-time-name\">Cook Time<\/span> <span class=\"wprm-recipe-details wprm-recipe-details-minutes wprm-recipe-cook_time wprm-recipe-cook_time-minutes\">20<\/span> <span class=\"wprm-recipe-details-unit wprm-recipe-details-minutes wprm-recipe-cook_time-unit wprm-recipe-cook_timeunit-minutes\">Minuten<\/span>\t\t<\/div>\n\t\t\t\t\t\t<div class=\"wprm-recipe-custom-time-container\">\n\t\t\t<span class=\"wprm-recipe-details-icon\"><svg xmlns=\"http:\/\/www.w3.org\/2000\/svg\" xmlns:xlink=\"http:\/\/www.w3.org\/1999\/xlink\" x=\"0px\" y=\"0px\" viewBox=\"0 0 16 16\"><g class=\"nc-icon-wrapper\" fill=\"#000000\" transform=\"translate(1.5999999999999996 1.5999999999999996) scale(0.8)\"><path fill=\"#000000\" d=\"M15,2c0.6,0,1-0.4,1-1s-0.4-1-1-1H1C0.4,0,0,0.4,0,1s0.4,1,1,1h1c0.1,2.4,0.8,4.5,2,6c-1.2,1.4-2,3.6-2,6H1 c-0.6,0-1,0.4-1,1s0.4,1,1,1h14c0.6,0,1-0.4,1-1s-0.4-1-1-1h-1c-0.1-2.5-0.8-4.6-2-6c1.3-1.5,2-3.6,2-6H15z M9.9,7.3L9,8.1l1,0.7 c1.2,0.9,2,2.9,2.1,5.2H4c0.1-2.3,0.9-4.3,2.1-5.2l1-0.7L6.1,7.3C4.8,6.1,4.1,4.2,4,2h8C11.9,4.2,11.2,6.1,9.9,7.3z\"><\/path><\/g><\/svg><\/span> <span class=\"wprm-recipe-details-name wprm-recipe-custom-time-name\">K\u00fchlen<\/span> <span class=\"wprm-recipe-details wprm-recipe-details-hours wprm-recipe-custom_time wprm-recipe-custom_time-hours\">2<\/span> <span class=\"wprm-recipe-details-unit wprm-recipe-details-unit-hours wprm-recipe-custom_time-unit wprm-recipe-custom_timeunit-hours\">Stunden<\/span>\t\t<\/div>\n\t\t\t\t\t\t<div class=\"wprm-recipe-total-time-container\">\n\t\t\t<span class=\"wprm-recipe-details-icon\"><svg xmlns=\"http:\/\/www.w3.org\/2000\/svg\" xmlns:xlink=\"http:\/\/www.w3.org\/1999\/xlink\" x=\"0px\" y=\"0px\" width=\"16px\" height=\"16px\" viewBox=\"0 0 24 24\"><g ><path fill=\"#000000\" d=\"M21,11h2.949C23.466,5.181,18.819,0.534,13,0.051V3h-2V0.051C5.181,0.534,0.534,5.181,0.051,11H3v2H0.051C0.534,18.819,5.181,23.466,11,23.949V21h2v2.949c5.819-0.484,10.466-5.13,10.949-10.949H21V11z M17,13h-5.535L6.613,5.723l1.664-1.109L12.535,11H17V13z\"\/><\/g><\/svg><\/span> <span class=\"wprm-recipe-details-name wprm-recipe-total-time-name\">Total Time<\/span> <span class=\"wprm-recipe-details wprm-recipe-details-hours wprm-recipe-total_time wprm-recipe-total_time-hours\">3<\/span> <span class=\"wprm-recipe-details-unit wprm-recipe-details-unit-hours wprm-recipe-total_time-unit wprm-recipe-total_timeunit-hours\">Stunden<\/span> <span class=\"wprm-recipe-details wprm-recipe-details-minutes wprm-recipe-total_time wprm-recipe-total_time-minutes\">20<\/span> <span class=\"wprm-recipe-details-unit wprm-recipe-details-minutes wprm-recipe-total_time-unit wprm-recipe-total_timeunit-minutes\">Minuten<\/span>\t\t<\/div>\n\t\t\t<\/div>\n\t<div class=\"wprm-recipe-details-container\">\n\t\t\t\t<div class=\"wprm-recipe-servings-container\">\n\t\t\t<span class=\"wprm-recipe-details-icon\"><svg xmlns=\"http:\/\/www.w3.org\/2000\/svg\" xmlns:xlink=\"http:\/\/www.w3.org\/1999\/xlink\" x=\"0px\" y=\"0px\" width=\"16px\" height=\"16px\" viewBox=\"0 0 24 24\"><g ><path fill=\"#000000\" d=\"M10,0C9.4,0,9,0.4,9,1v4H7V1c0-0.6-0.4-1-1-1S5,0.4,5,1v4H3V1c0-0.6-0.4-1-1-1S1,0.4,1,1v8c0,1.7,1.3,3,3,3v10c0,1.1,0.9,2,2,2s2-0.9,2-2V12c1.7,0,3-1.3,3-3V1C11,0.4,10.6,0,10,0z\"\/><path data-color=\"color-2\" fill=\"#000000\" d=\"M19,0c-3.3,0-6,2.7-6,6v9c0,0.6,0.4,1,1,1h2v6c0,1.1,0.9,2,2,2s2-0.9,2-2V1C20,0.4,19.6,0,19,0z\"\/><\/g><\/svg><\/span> <span class=\"wprm-recipe-details-name wprm-recipe-servings-name\">Servings<\/span> <span class=\"wprm-recipe-details wprm-recipe-servings wprm-recipe-servings-84573\">12<\/span> <span class=\"wprm-recipe-details-unit wprm-recipe-servings-unit\"><\/span>\n\t\t<\/div>\n\t\t\t\t\t\t\t<\/div>\n\n\t\t<div class=\"wprm-recipe-ingredients-container\">\n\t\t<h3 class=\"wprm-recipe-header\">Ingredients<\/h3>\n\t\t\t\t<div class=\"wprm-recipe-ingredient-group\">\n\t\t\t\t\t\t<h4 class=\"wprm-recipe-group-name wprm-recipe-ingredient-group-name\">Zutaten f\u00fcr den Boden<\/h4>\n\t\t\t\t\t\t<ul class=\"wprm-recipe-ingredients\">\n\t\t\t\t\t\t\t\t<li class=\"wprm-recipe-ingredient\">\n\t\t\t\t\t\t\t\t\t\t<span class=\"wprm-recipe-ingredient-amount\">12<\/span>\n\t\t\t\t\t\t\t\t\t\t\t\t\t\t\t<span class=\"wprm-recipe-ingredient-name\">Oreos<\/span>\n\t\t\t\t\t\t\t\t\t\t<span class=\"wprm-recipe-ingredient-notes\">oder \u00e4hliches, die schwarzen<\/span>\n\t\t\t\t\t\t\t\t\t<\/li>\n\t\t\t\t\t\t\t\t<li class=\"wprm-recipe-ingredient\">\n\t\t\t\t\t\t\t\t\t\t<span class=\"wprm-recipe-ingredient-amount\">1,5<\/span>\n\t\t\t\t\t\t\t\t\t\t\t\t\t\t\t<span class=\"wprm-recipe-ingredient-name\">EL Butter<\/span>\n\t\t\t\t\t\t\t\t\t<\/li>\n\t\t\t\t\t\t\t<\/ul>\n\t\t<\/div>\n\t \t\t<div class=\"wprm-recipe-ingredient-group\">\n\t\t\t\t\t\t<h4 class=\"wprm-recipe-group-name wprm-recipe-ingredient-group-name\">Zutaten f\u00fcr die Schoko-Cheesecake-F\u00fcllung<\/h4>\n\t\t\t\t\t\t<ul class=\"wprm-recipe-ingredients\">\n\t\t\t\t\t\t\t\t<li class=\"wprm-recipe-ingredient\">\n\t\t\t\t\t\t\t\t\t\t<span class=\"wprm-recipe-ingredient-amount\">350<\/span>\n\t\t\t\t\t\t\t\t\t\t\t\t\t\t\t<span class=\"wprm-recipe-ingredient-unit\">g<\/span>\n\t\t\t\t\t\t\t\t\t\t<span class=\"wprm-recipe-ingredient-name\">Vollfett-Frischk\u00e4se<\/span>\n\t\t\t\t\t\t\t\t\t<\/li>\n\t\t\t\t\t\t\t\t<li class=\"wprm-recipe-ingredient\">\n\t\t\t\t\t\t\t\t\t\t<span class=\"wprm-recipe-ingredient-amount\">130<\/span>\n\t\t\t\t\t\t\t\t\t\t\t\t\t\t\t<span class=\"wprm-recipe-ingredient-unit\">g<\/span>\n\t\t\t\t\t\t\t\t\t\t<span class=\"wprm-recipe-ingredient-name\">dunkle Schokolade<\/span>\n\t\t\t\t\t\t\t\t\t\t<span class=\"wprm-recipe-ingredient-notes\">70 %<\/span>\n\t\t\t\t\t\t\t\t\t<\/li>\n\t\t\t\t\t\t\t\t<li class=\"wprm-recipe-ingredient\">\n\t\t\t\t\t\t\t\t\t\t<span class=\"wprm-recipe-ingredient-amount\">90<\/span>\n\t\t\t\t\t\t\t\t\t\t\t\t\t\t\t<span class=\"wprm-recipe-ingredient-unit\">g<\/span>\n\t\t\t\t\t\t\t\t\t\t<span class=\"wprm-recipe-ingredient-name\">Zucker<\/span>\n\t\t\t\t\t\t\t\t\t<\/li>\n\t\t\t\t\t\t\t\t<li class=\"wprm-recipe-ingredient\">\n\t\t\t\t\t\t\t\t\t\t<span class=\"wprm-recipe-ingredient-amount\">125<\/span>\n\t\t\t\t\t\t\t\t\t\t\t\t\t\t\t<span class=\"wprm-recipe-ingredient-unit\">g<\/span>\n\t\t\t\t\t\t\t\t\t\t<span class=\"wprm-recipe-ingredient-name\">saure Sahne<\/span>\n\t\t\t\t\t\t\t\t\t<\/li>\n\t\t\t\t\t\t\t\t<li class=\"wprm-recipe-ingredient\">\n\t\t\t\t\t\t\t\t\t\t<span class=\"wprm-recipe-ingredient-amount\">2<\/span>\n\t\t\t\t\t\t\t\t\t\t\t\t\t\t\t<span class=\"wprm-recipe-ingredient-name\">EL Kakao<\/span>\n\t\t\t\t\t\t\t\t\t<\/li>\n\t\t\t\t\t\t\t\t<li class=\"wprm-recipe-ingredient\">\n\t\t\t\t\t\t\t\t\t\t<span class=\"wprm-recipe-ingredient-amount\">1<\/span>\n\t\t\t\t\t\t\t\t\t\t\t\t\t\t\t<span class=\"wprm-recipe-ingredient-name\">Prise Salz<\/span>\n\t\t\t\t\t\t\t\t\t<\/li>\n\t\t\t\t\t\t\t\t<li class=\"wprm-recipe-ingredient\">\n\t\t\t\t\t\t\t\t\t\t<span class=\"wprm-recipe-ingredient-amount\">1<\/span>\n\t\t\t\t\t\t\t\t\t\t\t\t\t\t\t<span class=\"wprm-recipe-ingredient-name\">TL Vanille-Aroma oder Vanille Paste<\/span>\n\t\t\t\t\t\t\t\t\t<\/li>\n\t\t\t\t\t\t\t\t<li class=\"wprm-recipe-ingredient\">\n\t\t\t\t\t\t\t\t\t\t<span class=\"wprm-recipe-ingredient-amount\">2<\/span>\n\t\t\t\t\t\t\t\t\t\t\t\t\t\t\t<span class=\"wprm-recipe-ingredient-name\">Eier<\/span>\n\t\t\t\t\t\t\t\t\t<\/li>\n\t\t\t\t\t\t\t<\/ul>\n\t\t<\/div>\n\t \t\t<div class=\"wprm-recipe-ingredient-group\">\n\t\t\t\t\t\t<h4 class=\"wprm-recipe-group-name wprm-recipe-ingredient-group-name\">Zutaten f\u00fcr die Kirschf\u00fcllung<\/h4>\n\t\t\t\t\t\t<ul class=\"wprm-recipe-ingredients\">\n\t\t\t\t\t\t\t\t<li class=\"wprm-recipe-ingredient\">\n\t\t\t\t\t\t\t\t\t\t<span class=\"wprm-recipe-ingredient-amount\">1<\/span>\n\t\t\t\t\t\t\t\t\t\t\t\t\t\t\t<span class=\"wprm-recipe-ingredient-name\">Glas Kirschen<\/span>\n\t\t\t\t\t\t\t\t\t\t<span class=\"wprm-recipe-ingredient-notes\">abgetropft (Schattenmorellen oder Sauerkirschn)<\/span>\n\t\t\t\t\t\t\t\t\t<\/li>\n\t\t\t\t\t\t\t\t<li class=\"wprm-recipe-ingredient\">\n\t\t\t\t\t\t\t\t\t\t<span class=\"wprm-recipe-ingredient-amount\">1<\/span>\n\t\t\t\t\t\t\t\t\t\t\t\t\t\t\t<span class=\"wprm-recipe-ingredient-name\">EL St\u00e4rke<\/span>\n\t\t\t\t\t\t\t\t\t\t<span class=\"wprm-recipe-ingredient-notes\">ca. 20 g<\/span>\n\t\t\t\t\t\t\t\t\t<\/li>\n\t\t\t\t\t\t\t\t<li class=\"wprm-recipe-ingredient\">\n\t\t\t\t\t\t\t\t\t\t<span class=\"wprm-recipe-ingredient-amount\">1<\/span>\n\t\t\t\t\t\t\t\t\t\t\t\t\t\t\t<span class=\"wprm-recipe-ingredient-name\">EL Zucker oder 1 P\u00e4ckchen Vanillezucker<\/span>\n\t\t\t\t\t\t\t\t\t<\/li>\n\t\t\t\t\t\t\t\t<li class=\"wprm-recipe-ingredient\">\n\t\t\t\t\t\t\t\t\t\t<span class=\"wprm-recipe-ingredient-amount\">2<\/span>\n\t\t\t\t\t\t\t\t\t\t\t\t\t\t\t<span class=\"wprm-recipe-ingredient-name\">\u20133 EL Kirschwasser<\/span>\n\t\t\t\t\t\t\t\t\t<\/li>\n\t\t\t\t\t\t\t<\/ul>\n\t\t<\/div>\n\t \t\t<div class=\"wprm-recipe-ingredient-group\">\n\t\t\t\t\t\t<h4 class=\"wprm-recipe-group-name wprm-recipe-ingredient-group-name\">F\u00fcr das Finish<\/h4>\n\t\t\t\t\t\t<ul class=\"wprm-recipe-ingredients\">\n\t\t\t\t\t\t\t\t<li class=\"wprm-recipe-ingredient\">\n\t\t\t\t\t\t\t\t\t\t<span class=\"wprm-recipe-ingredient-amount\">300<\/span>\n\t\t\t\t\t\t\t\t\t\t\t\t\t\t\t<span class=\"wprm-recipe-ingredient-unit\">ml<\/span>\n\t\t\t\t\t\t\t\t\t\t<span class=\"wprm-recipe-ingredient-name\">Sahne<\/span>\n\t\t\t\t\t\t\t\t\t<\/li>\n\t\t\t\t\t\t\t\t<li class=\"wprm-recipe-ingredient\">\n\t\t\t\t\t\t\t\t\t\t<span class=\"wprm-recipe-ingredient-amount\">1<\/span>\n\t\t\t\t\t\t\t\t\t\t\t\t\t\t\t<span class=\"wprm-recipe-ingredient-name\">P\u00e4ckchen Sahnesteif<\/span>\n\t\t\t\t\t\t\t\t\t<\/li>\n\t\t\t\t\t\t\t\t<li class=\"wprm-recipe-ingredient\">\n\t\t\t\t\t\t\t\t\t\t<span class=\"wprm-recipe-ingredient-amount\">1<\/span>\n\t\t\t\t\t\t\t\t\t\t\t\t\t\t\t<span class=\"wprm-recipe-ingredient-name\">TL Vanille-Essenz<\/span>\n\t\t\t\t\t\t\t\t\t<\/li>\n\t\t\t\t\t\t\t\t<li class=\"wprm-recipe-ingredient\">\n\t\t\t\t\t\t\t\t\t\t<span class=\"wprm-recipe-ingredient-amount\">1<\/span>\n\t\t\t\t\t\t\t\t\t\t\t\t\t\t\t<span class=\"wprm-recipe-ingredient-name\">P\u00e4ckchen Vanillezucker<\/span>\n\t\t\t\t\t\t\t\t\t<\/li>\n\t\t\t\t\t\t\t\t<li class=\"wprm-recipe-ingredient\">\n\t\t\t\t\t\t\t\t\t\t\t\t\t\t\t<span class=\"wprm-recipe-ingredient-name\">Schokoraspeln<\/span>\n\t\t\t\t\t\t\t\t\t<\/li>\n\t\t\t\t\t\t\t<\/ul>\n\t\t<\/div>\n\t \t \t<\/div>\n\t\t\t<div class=\"wprm-recipe-instructions-container\">\n\t\t<h3 class=\"wprm-recipe-header\">Instructions<\/h3>\n\t\t\t\t<div class=\"wprm-recipe-instruction-group\">\n\t\t\t\t\t\t<h4 class=\"wprm-recipe-group-name wprm-recipe-instruction-group-name\">Vorbereitung<\/h4>\n\t\t\t\t\t\t<ol class=\"wprm-recipe-instructions\">\n\t\t\t\t\t\t\t\t<li class=\"wprm-recipe-instruction\">\n\t\t\t\t\t\t\t\t\t\t<div class=\"wprm-recipe-instruction-text\">Alle Zutaten f\u00fcr die K\u00e4sekuchen F\u00fcllung sollten Zimmertemperatur haben.<\/div>\n\t\t\t\t\t\t\t\t\t\t\t\t\t\t<\/li>\n\t\t\t\t\t\t\t\t<li class=\"wprm-recipe-instruction\">\n\t\t\t\t\t\t\t\t\t\t<div class=\"wprm-recipe-instruction-text\">Backofen auf 160 \u00b0C Ober-\/Unterhitze vorheizen.<\/div>\n\t\t\t\t\t\t\t\t\t\t\t\t\t\t<\/li>\n\t\t\t\t\t\t\t\t<li class=\"wprm-recipe-instruction\">\n\t\t\t\t\t\t\t\t\t\t<div class=\"wprm-recipe-instruction-text\">Muffinform mit Papierf\u00f6rmchen auskleiden.<\/div>\n\t\t\t\t\t\t\t\t\t\t\t\t\t\t<\/li>\n\t\t\t\t\t\t\t<\/ol>\n\t\t<\/div>\n\t\t\t\t<div class=\"wprm-recipe-instruction-group\">\n\t\t\t\t\t\t<h4 class=\"wprm-recipe-group-name wprm-recipe-instruction-group-name\">Oreo-Boden<\/h4>\n\t\t\t\t\t\t<ol class=\"wprm-recipe-instructions\">\n\t\t\t\t\t\t\t\t<li class=\"wprm-recipe-instruction\">\n\t\t\t\t\t\t\t\t\t\t<div class=\"wprm-recipe-instruction-text\">Oreos im Food Processor fein mahlen.<\/div>\n\t\t\t\t\t\t\t\t\t\t\t\t\t\t<\/li>\n\t\t\t\t\t\t\t\t<li class=\"wprm-recipe-instruction\">\n\t\t\t\t\t\t\t\t\t\t<div class=\"wprm-recipe-instruction-text\">Butter schmelzen und mit den Keksbr\u00f6seln vermengen. Da muss kein Zucker mehr rein da die Oreos sehr s\u00fc\u00df sind. Wer keine Oreos nehmen will, kann den Verschnitt von Lidl nehmen. Also halt so schwarze gef\u00fcllte Kekse.<\/div>\n\t\t\t\t\t\t\t\t\t\t\t\t\t\t<\/li>\n\t\t\t\t\t\t\t\t<li class=\"wprm-recipe-instruction\">\n\t\t\t\t\t\t\t\t\t\t<div class=\"wprm-recipe-instruction-text\">Je ca. 1 EL in die F\u00f6rmchen geben und festdr\u00fccken.<\/div>\n\t\t\t\t\t\t\t\t\t\t\t\t\t\t<\/li>\n\t\t\t\t\t\t\t\t<li class=\"wprm-recipe-instruction\">\n\t\t\t\t\t\t\t\t\t\t<div class=\"wprm-recipe-instruction-text\"><p>5 Minuten vorbacken, herausnehmen und abk\u00fchlen lassen.<\/p><\/div>\n\t\t\t\t\t\t\t\t\t\t\t\t\t\t<\/li>\n\t\t\t\t\t\t\t\t<li class=\"wprm-recipe-instruction\">\n\t\t\t\t\t\t\t\t\t\t<div class=\"wprm-recipe-instruction-text\"><p>Den Boden evtl mit einem Schnapsglas andr\u00fccken und abk\u00fchlen lassen. Das Schnapsglas k\u00f6nnt ihr gleich in der N\u00e4he lassen! \ud83d\ude42 Wir holen eh bald den Schnapsli raus!<\/p><\/div>\n\t\t\t\t\t\t\t\t\t\t\t\t\t\t<\/li>\n\t\t\t\t\t\t\t<\/ol>\n\t\t<\/div>\n\t\t\t\t<div class=\"wprm-recipe-instruction-group\">\n\t\t\t\t\t\t<h4 class=\"wprm-recipe-group-name wprm-recipe-instruction-group-name\">3. Cheesecake-F\u00fcllung<\/h4>\n\t\t\t\t\t\t<ol class=\"wprm-recipe-instructions\">\n\t\t\t\t\t\t\t\t<li class=\"wprm-recipe-instruction\">\n\t\t\t\t\t\t\t\t\t\t<div class=\"wprm-recipe-instruction-text\">Kakao sieben und mit Zucker und Salz mischen.<\/div>\n\t\t\t\t\t\t\t\t\t\t\t\t\t\t<\/li>\n\t\t\t\t\t\t\t\t<li class=\"wprm-recipe-instruction\">\n\t\t\t\t\t\t\t\t\t\t<div class=\"wprm-recipe-instruction-text\">Schokolade hacken, \u00fcber dem Wasserbad schmelzen, leicht abk\u00fchlen lassen.<\/div>\n\t\t\t\t\t\t\t\t\t\t\t\t\t\t<\/li>\n\t\t\t\t\t\t\t\t<li class=\"wprm-recipe-instruction\">\n\t\t\t\t\t\t\t\t\t\t<div class=\"wprm-recipe-instruction-text\">Frischk\u00e4se mit der Kakao-Zucker-Mischung glatt r\u00fchren.<\/div>\n\t\t\t\t\t\t\t\t\t\t\t\t\t\t<\/li>\n\t\t\t\t\t\t\t\t<li class=\"wprm-recipe-instruction\">\n\t\t\t\t\t\t\t\t\t\t<div class=\"wprm-recipe-instruction-text\">Ein Ei unterr\u00fchren, dann Vanille und zweites Ei \u2013 nur kurz mixen.<\/div>\n\t\t\t\t\t\t\t\t\t\t\t\t\t\t<\/li>\n\t\t\t\t\t\t\t\t<li class=\"wprm-recipe-instruction\">\n\t\t\t\t\t\t\t\t\t\t<div class=\"wprm-recipe-instruction-text\">Geschmolzene Schokolade unterr\u00fchren.<\/div>\n\t\t\t\t\t\t\t\t\t\t\t\t\t\t<\/li>\n\t\t\t\t\t\t\t\t<li class=\"wprm-recipe-instruction\">\n\t\t\t\t\t\t\t\t\t\t<div class=\"wprm-recipe-instruction-text\">2\u20133 EL der Masse mit der sauren Sahne verr\u00fchren und zur\u00fcck unterheben.<\/div>\n\t\t\t\t\t\t\t\t\t\t\t\t\t\t<\/li>\n\t\t\t\t\t\t\t\t<li class=\"wprm-recipe-instruction\">\n\t\t\t\t\t\t\t\t\t\t<div class=\"wprm-recipe-instruction-text\">Die Masse sollte dick und puddingartig sein.<\/div>\n\t\t\t\t\t\t\t\t\t\t\t\t\t\t<\/li>\n\t\t\t\t\t\t\t\t<li class=\"wprm-recipe-instruction\">\n\t\t\t\t\t\t\t\t\t\t<div class=\"wprm-recipe-instruction-text\">Mit einem Eisportionierer in die F\u00f6rmchen f\u00fcllen.<\/div>\n\t\t\t\t\t\t\t\t\t\t\t\t\t\t<\/li>\n\t\t\t\t\t\t\t\t<li class=\"wprm-recipe-instruction\">\n\t\t\t\t\t\t\t\t\t\t<div class=\"wprm-recipe-instruction-text\">15\u201317 Minuten backen.<\/div>\n\t\t\t\t\t\t\t\t\t\t\t\t\t\t<\/li>\n\t\t\t\t\t\t\t\t<li class=\"wprm-recipe-instruction\">\n\t\t\t\t\t\t\t\t\t\t<div class=\"wprm-recipe-instruction-text\"><p>1 Stunde bei Raumtemperatur abk\u00fchlen lassen. Nun wickelt ihr die Form in Folie und stellt sie mindestens 2 Stunden in den K\u00fchlschrank. Geht auch \u00fcber Nacht.<\/p><\/div>\n\t\t\t\t\t\t\t\t\t\t\t\t\t\t<\/li>\n\t\t\t\t\t\t\t<\/ol>\n\t\t<\/div>\n\t\t\t\t<div class=\"wprm-recipe-instruction-group\">\n\t\t\t\t\t\t<h4 class=\"wprm-recipe-group-name wprm-recipe-instruction-group-name\">4. Kirschf\u00fcllung<\/h4>\n\t\t\t\t\t\t<ol class=\"wprm-recipe-instructions\">\n\t\t\t\t\t\t\t\t<li class=\"wprm-recipe-instruction\">\n\t\t\t\t\t\t\t\t\t\t<div class=\"wprm-recipe-instruction-text\">Kirschen abtropfen lassen.<\/div>\n\t\t\t\t\t\t\t\t\t\t\t\t\t\t<\/li>\n\t\t\t\t\t\t\t\t<li class=\"wprm-recipe-instruction\">\n\t\t\t\t\t\t\t\t\t\t<div class=\"wprm-recipe-instruction-text\">50 ml Saft zum Anr\u00fchren der St\u00e4rke beiseitestellen.<\/div>\n\t\t\t\t\t\t\t\t\t\t\t\t\t\t<\/li>\n\t\t\t\t\t\t\t\t<li class=\"wprm-recipe-instruction\">\n\t\t\t\t\t\t\t\t\t\t<div class=\"wprm-recipe-instruction-text\">Restlichen Saft mit Zucker erhitzen.<\/div>\n\t\t\t\t\t\t\t\t\t\t\t\t\t\t<\/li>\n\t\t\t\t\t\t\t\t<li class=\"wprm-recipe-instruction\">\n\t\t\t\t\t\t\t\t\t\t<div class=\"wprm-recipe-instruction-text\">St\u00e4rke mit 50 ml Saft glatt r\u00fchren, einr\u00fchren und andicken lassen.<\/div>\n\t\t\t\t\t\t\t\t\t\t\t\t\t\t<\/li>\n\t\t\t\t\t\t\t\t<li class=\"wprm-recipe-instruction\">\n\t\t\t\t\t\t\t\t\t\t<div class=\"wprm-recipe-instruction-text\">Kirschen und Kirschwasser zugeben.<\/div>\n\t\t\t\t\t\t\t\t\t\t\t\t\t\t<\/li>\n\t\t\t\t\t\t\t\t<li class=\"wprm-recipe-instruction\">\n\t\t\t\t\t\t\t\t\t\t<div class=\"wprm-recipe-instruction-text\">Abk\u00fchlen lassen und im K\u00fchlschrank leicht fest werden lassen.<\/div>\n\t\t\t\t\t\t\t\t\t\t\t\t\t\t<\/li>\n\t\t\t\t\t\t\t<\/ol>\n\t\t<\/div>\n\t\t\t\t<div class=\"wprm-recipe-instruction-group\">\n\t\t\t\t\t\t<h4 class=\"wprm-recipe-group-name wprm-recipe-instruction-group-name\">5. Sahne &#038; Dekor<\/h4>\n\t\t\t\t\t\t<ol class=\"wprm-recipe-instructions\">\n\t\t\t\t\t\t\t\t<li class=\"wprm-recipe-instruction\">\n\t\t\t\t\t\t\t\t\t\t<div class=\"wprm-recipe-instruction-text\">Sahnesteif und Vanillezucker mischen.<\/div>\n\t\t\t\t\t\t\t\t\t\t\t\t\t\t<\/li>\n\t\t\t\t\t\t\t\t<li class=\"wprm-recipe-instruction\">\n\t\t\t\t\t\t\t\t\t\t<div class=\"wprm-recipe-instruction-text\">Sahne anschlagen, Mischung einrieseln lassen, steif schlagen.<\/div>\n\t\t\t\t\t\t\t\t\t\t\t\t\t\t<\/li>\n\t\t\t\t\t\t\t\t<li class=\"wprm-recipe-instruction\">\n\t\t\t\t\t\t\t\t\t\t<div class=\"wprm-recipe-instruction-text\">Vanille unterr\u00fchren.<\/div>\n\t\t\t\t\t\t\t\t\t\t\t\t\t\t<\/li>\n\t\t\t\t\t\t\t\t<li class=\"wprm-recipe-instruction\">\n\t\t\t\t\t\t\t\t\t\t<div class=\"wprm-recipe-instruction-text\">In einen Spritzbeutel mit Sternt\u00fclle f\u00fcllen.<\/div>\n\t\t\t\t\t\t\t\t\t\t\t\t\t\t<\/li>\n\t\t\t\t\t\t\t\t<li class=\"wprm-recipe-instruction\">\n\t\t\t\t\t\t\t\t\t\t<div class=\"wprm-recipe-instruction-text\">Einen Sahnekringel auf eure K\u00e4sekuchen Muffins aufspritzen und mit Schokoraspeln bestreuen.<\/div>\n\t\t\t\t\t\t\t\t\t\t\t\t\t\t<\/li>\n\t\t\t\t\t\t\t\t<li class=\"wprm-recipe-instruction\">\n\t\t\t\t\t\t\t\t\t\t<div class=\"wprm-recipe-instruction-text\">1 -2 TL Kirschf\u00fcllung in die Mitte geben und bis zum Servieren k\u00fchlen<\/div>\n\t\t\t\t\t\t\t\t\t\t\t\t\t\t<\/li>\n\t\t\t\t\t\t\t\t<li class=\"wprm-recipe-instruction\">\n\t\t\t\t\t\t\t\t\t\t<div class=\"wprm-recipe-instruction-text\"> <\/div>\n\t\t\t\t\t\t\t\t\t\t\t\t\t\t<\/li>\n\t\t\t\t\t\t\t<\/ol>\n\t\t<\/div>\n\t\t\t<\/div>\n\t\t\t\t<\/div>\n<\/div>\n\n\n<p><\/p>\n\n\n\n<p>&nbsp;<\/p>\n","protected":false},"excerpt":{"rendered":"<p>Schwarzw\u00e4lder Kirsch Mini K\u00e4sekuchen in der Muffinform mit dunkler Schokolade, Oreo-Boden und gl\u00e4nzender Kirschf\u00fcllung. Wenn&#8230;<\/p>\n","protected":false},"author":1,"featured_media":84581,"comment_status":"open","ping_status":"closed","sticky":false,"template":"","format":"standard","meta":{"wprm-recipe-roundup-name":"","wprm-recipe-roundup-description":"","_kadence_starter_templates_imported_post":false,"_kad_post_transparent":"","_kad_post_title":"","_kad_post_layout":"","_kad_post_sidebar_id":"","_kad_post_content_style":"","_kad_post_vertical_padding":"","_kad_post_feature":"","_kad_post_feature_position":"","_kad_post_header":false,"_kad_post_footer":false,"_kad_post_classname":"","footnotes":""},"categories":[1],"tags":[],"class_list":["post-29","post","type-post","status-publish","format-standard","has-post-thumbnail","hentry","category-uncategorized"],"yoast_head":"<!-- This site is optimized with the Yoast SEO plugin v27.4 - https:\/\/yoast.com\/product\/yoast-seo-wordpress\/ -->\n<title>Schwarzw\u00e4lder Kirsch Mini K\u00e4sekuchen in der Muffinform<\/title>\n<meta name=\"description\" content=\"Schwarzw\u00e4lder Kirsch Mini K\u00e4sekuchen in der Muffinform mit dunkler Schokolade, Oreo-Boden und gl\u00e4nzender Kirschf\u00fcllung.\" \/>\n<meta name=\"robots\" content=\"index, follow, max-snippet:-1, max-image-preview:large, max-video-preview:-1\" \/>\n<link rel=\"canonical\" href=\"https:\/\/cinnamonandcoriander.com\/de\/black-forest-cheesecake-cupcakes\/\" \/>\n<meta property=\"og:locale\" content=\"de_DE\" \/>\n<meta property=\"og:type\" content=\"article\" \/>\n<meta property=\"og:title\" content=\"Schwarzw\u00e4lder Kirsch Mini K\u00e4sekuchen in der Muffinform\" \/>\n<meta property=\"og:description\" content=\"Schwarzw\u00e4lder Kirsch Mini K\u00e4sekuchen in der Muffinform mit dunkler Schokolade, Oreo-Boden und gl\u00e4nzender Kirschf\u00fcllung.\" \/>\n<meta property=\"og:url\" content=\"https:\/\/cinnamonandcoriander.com\/de\/black-forest-cheesecake-cupcakes\/\" \/>\n<meta property=\"og:site_name\" content=\"Cinnamon&amp;Coriander\" \/>\n<meta property=\"article:publisher\" content=\"https:\/\/www.facebook.com\/cinnamonandcoriander\/\" \/>\n<meta property=\"article:published_time\" content=\"2026-02-11T00:40:24+00:00\" \/>\n<meta property=\"article:modified_time\" content=\"2026-02-11T00:40:26+00:00\" \/>\n<meta property=\"og:image\" content=\"https:\/\/cinnamonandcoriander.com\/wp-content\/uploads\/2015\/07\/schwarzwalder-kirsch-mini-kasekuchen.jpg\" \/>\n\t<meta property=\"og:image:width\" content=\"1500\" \/>\n\t<meta property=\"og:image:height\" content=\"1500\" \/>\n\t<meta property=\"og:image:type\" content=\"image\/jpeg\" \/>\n<meta name=\"author\" content=\"kikiwp\" \/>\n<meta name=\"twitter:card\" content=\"summary_large_image\" \/>\n<meta name=\"twitter:label1\" content=\"Verfasst von\" \/>\n\t<meta name=\"twitter:data1\" content=\"kikiwp\" \/>\n\t<meta name=\"twitter:label2\" content=\"Gesch\u00e4tzte Lesezeit\" \/>\n\t<meta name=\"twitter:data2\" content=\"4\u00a0Minuten\" \/>\n<script type=\"application\/ld+json\" class=\"yoast-schema-graph\">{\"@context\":\"https:\\\/\\\/schema.org\",\"@graph\":[{\"@type\":\"Article\",\"@id\":\"https:\\\/\\\/cinnamonandcoriander.com\\\/de\\\/black-forest-cheesecake-cupcakes\\\/#article\",\"isPartOf\":{\"@id\":\"https:\\\/\\\/cinnamonandcoriander.com\\\/de\\\/black-forest-cheesecake-cupcakes\\\/\"},\"author\":{\"name\":\"kikiwp\",\"@id\":\"https:\\\/\\\/cinnamonandcoriander.com\\\/de\\\/#\\\/schema\\\/person\\\/f2e574f3f829f50d65505592a83e3c48\"},\"headline\":\"Schwarzw\u00e4lder Kirsch Mini K\u00e4sekuchen aus der Muffinform\",\"datePublished\":\"2026-02-11T00:40:24+00:00\",\"dateModified\":\"2026-02-11T00:40:26+00:00\",\"mainEntityOfPage\":{\"@id\":\"https:\\\/\\\/cinnamonandcoriander.com\\\/de\\\/black-forest-cheesecake-cupcakes\\\/\"},\"wordCount\":897,\"commentCount\":4,\"publisher\":{\"@id\":\"https:\\\/\\\/cinnamonandcoriander.com\\\/de\\\/#organization\"},\"image\":{\"@id\":\"https:\\\/\\\/cinnamonandcoriander.com\\\/de\\\/black-forest-cheesecake-cupcakes\\\/#primaryimage\"},\"thumbnailUrl\":\"https:\\\/\\\/cinnamonandcoriander.com\\\/wp-content\\\/uploads\\\/2015\\\/07\\\/schwarzwalder-kirsch-mini-kasekuchen.jpg\",\"articleSection\":[\"Uncategorized\"],\"inLanguage\":\"de\",\"potentialAction\":[{\"@type\":\"CommentAction\",\"name\":\"Comment\",\"target\":[\"https:\\\/\\\/cinnamonandcoriander.com\\\/de\\\/black-forest-cheesecake-cupcakes\\\/#respond\"]}]},{\"@type\":\"WebPage\",\"@id\":\"https:\\\/\\\/cinnamonandcoriander.com\\\/de\\\/black-forest-cheesecake-cupcakes\\\/\",\"url\":\"https:\\\/\\\/cinnamonandcoriander.com\\\/de\\\/black-forest-cheesecake-cupcakes\\\/\",\"name\":\"Schwarzw\u00e4lder Kirsch Mini K\u00e4sekuchen in der Muffinform\",\"isPartOf\":{\"@id\":\"https:\\\/\\\/cinnamonandcoriander.com\\\/de\\\/#website\"},\"primaryImageOfPage\":{\"@id\":\"https:\\\/\\\/cinnamonandcoriander.com\\\/de\\\/black-forest-cheesecake-cupcakes\\\/#primaryimage\"},\"image\":{\"@id\":\"https:\\\/\\\/cinnamonandcoriander.com\\\/de\\\/black-forest-cheesecake-cupcakes\\\/#primaryimage\"},\"thumbnailUrl\":\"https:\\\/\\\/cinnamonandcoriander.com\\\/wp-content\\\/uploads\\\/2015\\\/07\\\/schwarzwalder-kirsch-mini-kasekuchen.jpg\",\"datePublished\":\"2026-02-11T00:40:24+00:00\",\"dateModified\":\"2026-02-11T00:40:26+00:00\",\"description\":\"Schwarzw\u00e4lder Kirsch Mini K\u00e4sekuchen in der Muffinform mit dunkler Schokolade, Oreo-Boden und gl\u00e4nzender Kirschf\u00fcllung.\",\"breadcrumb\":{\"@id\":\"https:\\\/\\\/cinnamonandcoriander.com\\\/de\\\/black-forest-cheesecake-cupcakes\\\/#breadcrumb\"},\"inLanguage\":\"de\",\"potentialAction\":[{\"@type\":\"ReadAction\",\"target\":[\"https:\\\/\\\/cinnamonandcoriander.com\\\/de\\\/black-forest-cheesecake-cupcakes\\\/\"]}]},{\"@type\":\"ImageObject\",\"inLanguage\":\"de\",\"@id\":\"https:\\\/\\\/cinnamonandcoriander.com\\\/de\\\/black-forest-cheesecake-cupcakes\\\/#primaryimage\",\"url\":\"https:\\\/\\\/cinnamonandcoriander.com\\\/wp-content\\\/uploads\\\/2015\\\/07\\\/schwarzwalder-kirsch-mini-kasekuchen.jpg\",\"contentUrl\":\"https:\\\/\\\/cinnamonandcoriander.com\\\/wp-content\\\/uploads\\\/2015\\\/07\\\/schwarzwalder-kirsch-mini-kasekuchen.jpg\",\"width\":1500,\"height\":1500,\"caption\":\"schwarzw\u00e4lder kirsch mini k\u00e4sekuchen mit Sahne und Kirschen Dekoriert\"},{\"@type\":\"BreadcrumbList\",\"@id\":\"https:\\\/\\\/cinnamonandcoriander.com\\\/de\\\/black-forest-cheesecake-cupcakes\\\/#breadcrumb\",\"itemListElement\":[{\"@type\":\"ListItem\",\"position\":1,\"name\":\"Home\",\"item\":\"https:\\\/\\\/cinnamonandcoriander.com\\\/de\\\/\"},{\"@type\":\"ListItem\",\"position\":2,\"name\":\"Schwarzw\u00e4lder Kirsch Mini K\u00e4sekuchen aus der Muffinform\"}]},{\"@type\":\"WebSite\",\"@id\":\"https:\\\/\\\/cinnamonandcoriander.com\\\/de\\\/#website\",\"url\":\"https:\\\/\\\/cinnamonandcoriander.com\\\/de\\\/\",\"name\":\"Cinnamon&amp;Coriander\",\"description\":\"multikulturelle Rezepte aus meiner kanadischen K\u00fcche\",\"publisher\":{\"@id\":\"https:\\\/\\\/cinnamonandcoriander.com\\\/de\\\/#organization\"},\"potentialAction\":[{\"@type\":\"SearchAction\",\"target\":{\"@type\":\"EntryPoint\",\"urlTemplate\":\"https:\\\/\\\/cinnamonandcoriander.com\\\/de\\\/?s={search_term_string}\"},\"query-input\":{\"@type\":\"PropertyValueSpecification\",\"valueRequired\":true,\"valueName\":\"search_term_string\"}}],\"inLanguage\":\"de\"},{\"@type\":\"Organization\",\"@id\":\"https:\\\/\\\/cinnamonandcoriander.com\\\/de\\\/#organization\",\"name\":\"Cinnamon&Coriander\",\"url\":\"https:\\\/\\\/cinnamonandcoriander.com\\\/de\\\/\",\"logo\":{\"@type\":\"ImageObject\",\"inLanguage\":\"de\",\"@id\":\"https:\\\/\\\/cinnamonandcoriander.com\\\/de\\\/#\\\/schema\\\/logo\\\/image\\\/\",\"url\":\"https:\\\/\\\/cinnamonandcoriander.com\\\/wp-content\\\/uploads\\\/2023\\\/09\\\/logo-yoast.png\",\"contentUrl\":\"https:\\\/\\\/cinnamonandcoriander.com\\\/wp-content\\\/uploads\\\/2023\\\/09\\\/logo-yoast.png\",\"width\":566,\"height\":566,\"caption\":\"Cinnamon&Coriander\"},\"image\":{\"@id\":\"https:\\\/\\\/cinnamonandcoriander.com\\\/de\\\/#\\\/schema\\\/logo\\\/image\\\/\"},\"sameAs\":[\"https:\\\/\\\/www.facebook.com\\\/cinnamonandcoriander\\\/\",\"https:\\\/\\\/www.instagram.com\\\/cinnamonandcoriander\\\/\",\"https:\\\/\\\/pinterest.com\\\/kikisurlechamp\\\/\"]},{\"@type\":\"Person\",\"@id\":\"https:\\\/\\\/cinnamonandcoriander.com\\\/de\\\/#\\\/schema\\\/person\\\/f2e574f3f829f50d65505592a83e3c48\",\"name\":\"kikiwp\",\"sameAs\":[\"http:\\\/\\\/cinnamonandcoriander.com\"]}]}<\/script>\n<!-- \/ Yoast SEO plugin. -->","yoast_head_json":{"title":"Schwarzw\u00e4lder Kirsch Mini K\u00e4sekuchen in der Muffinform","description":"Schwarzw\u00e4lder Kirsch Mini K\u00e4sekuchen in der Muffinform mit dunkler Schokolade, Oreo-Boden und gl\u00e4nzender Kirschf\u00fcllung.","robots":{"index":"index","follow":"follow","max-snippet":"max-snippet:-1","max-image-preview":"max-image-preview:large","max-video-preview":"max-video-preview:-1"},"canonical":"https:\/\/cinnamonandcoriander.com\/de\/black-forest-cheesecake-cupcakes\/","og_locale":"de_DE","og_type":"article","og_title":"Schwarzw\u00e4lder Kirsch Mini K\u00e4sekuchen in der Muffinform","og_description":"Schwarzw\u00e4lder Kirsch Mini K\u00e4sekuchen in der Muffinform mit dunkler Schokolade, Oreo-Boden und gl\u00e4nzender Kirschf\u00fcllung.","og_url":"https:\/\/cinnamonandcoriander.com\/de\/black-forest-cheesecake-cupcakes\/","og_site_name":"Cinnamon&amp;Coriander","article_publisher":"https:\/\/www.facebook.com\/cinnamonandcoriander\/","article_published_time":"2026-02-11T00:40:24+00:00","article_modified_time":"2026-02-11T00:40:26+00:00","og_image":[{"width":1500,"height":1500,"url":"https:\/\/cinnamonandcoriander.com\/wp-content\/uploads\/2015\/07\/schwarzwalder-kirsch-mini-kasekuchen.jpg","type":"image\/jpeg"}],"author":"kikiwp","twitter_card":"summary_large_image","twitter_misc":{"Verfasst von":"kikiwp","Gesch\u00e4tzte Lesezeit":"4\u00a0Minuten"},"schema":{"@context":"https:\/\/schema.org","@graph":[{"@type":"Article","@id":"https:\/\/cinnamonandcoriander.com\/de\/black-forest-cheesecake-cupcakes\/#article","isPartOf":{"@id":"https:\/\/cinnamonandcoriander.com\/de\/black-forest-cheesecake-cupcakes\/"},"author":{"name":"kikiwp","@id":"https:\/\/cinnamonandcoriander.com\/de\/#\/schema\/person\/f2e574f3f829f50d65505592a83e3c48"},"headline":"Schwarzw\u00e4lder Kirsch Mini K\u00e4sekuchen aus der Muffinform","datePublished":"2026-02-11T00:40:24+00:00","dateModified":"2026-02-11T00:40:26+00:00","mainEntityOfPage":{"@id":"https:\/\/cinnamonandcoriander.com\/de\/black-forest-cheesecake-cupcakes\/"},"wordCount":897,"commentCount":4,"publisher":{"@id":"https:\/\/cinnamonandcoriander.com\/de\/#organization"},"image":{"@id":"https:\/\/cinnamonandcoriander.com\/de\/black-forest-cheesecake-cupcakes\/#primaryimage"},"thumbnailUrl":"https:\/\/cinnamonandcoriander.com\/wp-content\/uploads\/2015\/07\/schwarzwalder-kirsch-mini-kasekuchen.jpg","articleSection":["Uncategorized"],"inLanguage":"de","potentialAction":[{"@type":"CommentAction","name":"Comment","target":["https:\/\/cinnamonandcoriander.com\/de\/black-forest-cheesecake-cupcakes\/#respond"]}]},{"@type":"WebPage","@id":"https:\/\/cinnamonandcoriander.com\/de\/black-forest-cheesecake-cupcakes\/","url":"https:\/\/cinnamonandcoriander.com\/de\/black-forest-cheesecake-cupcakes\/","name":"Schwarzw\u00e4lder Kirsch Mini K\u00e4sekuchen in der Muffinform","isPartOf":{"@id":"https:\/\/cinnamonandcoriander.com\/de\/#website"},"primaryImageOfPage":{"@id":"https:\/\/cinnamonandcoriander.com\/de\/black-forest-cheesecake-cupcakes\/#primaryimage"},"image":{"@id":"https:\/\/cinnamonandcoriander.com\/de\/black-forest-cheesecake-cupcakes\/#primaryimage"},"thumbnailUrl":"https:\/\/cinnamonandcoriander.com\/wp-content\/uploads\/2015\/07\/schwarzwalder-kirsch-mini-kasekuchen.jpg","datePublished":"2026-02-11T00:40:24+00:00","dateModified":"2026-02-11T00:40:26+00:00","description":"Schwarzw\u00e4lder Kirsch Mini K\u00e4sekuchen in der Muffinform mit dunkler Schokolade, Oreo-Boden und gl\u00e4nzender Kirschf\u00fcllung.","breadcrumb":{"@id":"https:\/\/cinnamonandcoriander.com\/de\/black-forest-cheesecake-cupcakes\/#breadcrumb"},"inLanguage":"de","potentialAction":[{"@type":"ReadAction","target":["https:\/\/cinnamonandcoriander.com\/de\/black-forest-cheesecake-cupcakes\/"]}]},{"@type":"ImageObject","inLanguage":"de","@id":"https:\/\/cinnamonandcoriander.com\/de\/black-forest-cheesecake-cupcakes\/#primaryimage","url":"https:\/\/cinnamonandcoriander.com\/wp-content\/uploads\/2015\/07\/schwarzwalder-kirsch-mini-kasekuchen.jpg","contentUrl":"https:\/\/cinnamonandcoriander.com\/wp-content\/uploads\/2015\/07\/schwarzwalder-kirsch-mini-kasekuchen.jpg","width":1500,"height":1500,"caption":"schwarzw\u00e4lder kirsch mini k\u00e4sekuchen mit Sahne und Kirschen Dekoriert"},{"@type":"BreadcrumbList","@id":"https:\/\/cinnamonandcoriander.com\/de\/black-forest-cheesecake-cupcakes\/#breadcrumb","itemListElement":[{"@type":"ListItem","position":1,"name":"Home","item":"https:\/\/cinnamonandcoriander.com\/de\/"},{"@type":"ListItem","position":2,"name":"Schwarzw\u00e4lder Kirsch Mini K\u00e4sekuchen aus der Muffinform"}]},{"@type":"WebSite","@id":"https:\/\/cinnamonandcoriander.com\/de\/#website","url":"https:\/\/cinnamonandcoriander.com\/de\/","name":"Cinnamon&amp;Coriander","description":"multikulturelle Rezepte aus meiner kanadischen K\u00fcche","publisher":{"@id":"https:\/\/cinnamonandcoriander.com\/de\/#organization"},"potentialAction":[{"@type":"SearchAction","target":{"@type":"EntryPoint","urlTemplate":"https:\/\/cinnamonandcoriander.com\/de\/?s={search_term_string}"},"query-input":{"@type":"PropertyValueSpecification","valueRequired":true,"valueName":"search_term_string"}}],"inLanguage":"de"},{"@type":"Organization","@id":"https:\/\/cinnamonandcoriander.com\/de\/#organization","name":"Cinnamon&Coriander","url":"https:\/\/cinnamonandcoriander.com\/de\/","logo":{"@type":"ImageObject","inLanguage":"de","@id":"https:\/\/cinnamonandcoriander.com\/de\/#\/schema\/logo\/image\/","url":"https:\/\/cinnamonandcoriander.com\/wp-content\/uploads\/2023\/09\/logo-yoast.png","contentUrl":"https:\/\/cinnamonandcoriander.com\/wp-content\/uploads\/2023\/09\/logo-yoast.png","width":566,"height":566,"caption":"Cinnamon&Coriander"},"image":{"@id":"https:\/\/cinnamonandcoriander.com\/de\/#\/schema\/logo\/image\/"},"sameAs":["https:\/\/www.facebook.com\/cinnamonandcoriander\/","https:\/\/www.instagram.com\/cinnamonandcoriander\/","https:\/\/pinterest.com\/kikisurlechamp\/"]},{"@type":"Person","@id":"https:\/\/cinnamonandcoriander.com\/de\/#\/schema\/person\/f2e574f3f829f50d65505592a83e3c48","name":"kikiwp","sameAs":["http:\/\/cinnamonandcoriander.com"]}]}},"_links":{"self":[{"href":"https:\/\/cinnamonandcoriander.com\/de\/wp-json\/wp\/v2\/posts\/29","targetHints":{"allow":["GET"]}}],"collection":[{"href":"https:\/\/cinnamonandcoriander.com\/de\/wp-json\/wp\/v2\/posts"}],"about":[{"href":"https:\/\/cinnamonandcoriander.com\/de\/wp-json\/wp\/v2\/types\/post"}],"author":[{"embeddable":true,"href":"https:\/\/cinnamonandcoriander.com\/de\/wp-json\/wp\/v2\/users\/1"}],"replies":[{"embeddable":true,"href":"https:\/\/cinnamonandcoriander.com\/de\/wp-json\/wp\/v2\/comments?post=29"}],"version-history":[{"count":1,"href":"https:\/\/cinnamonandcoriander.com\/de\/wp-json\/wp\/v2\/posts\/29\/revisions"}],"predecessor-version":[{"id":84583,"href":"https:\/\/cinnamonandcoriander.com\/de\/wp-json\/wp\/v2\/posts\/29\/revisions\/84583"}],"wp:featuredmedia":[{"embeddable":true,"href":"https:\/\/cinnamonandcoriander.com\/de\/wp-json\/wp\/v2\/media\/84581"}],"wp:attachment":[{"href":"https:\/\/cinnamonandcoriander.com\/de\/wp-json\/wp\/v2\/media?parent=29"}],"wp:term":[{"taxonomy":"category","embeddable":true,"href":"https:\/\/cinnamonandcoriander.com\/de\/wp-json\/wp\/v2\/categories?post=29"},{"taxonomy":"post_tag","embeddable":true,"href":"https:\/\/cinnamonandcoriander.com\/de\/wp-json\/wp\/v2\/tags?post=29"}],"curies":[{"name":"wp","href":"https:\/\/api.w.org\/{rel}","templated":true}]}}