{"id":147,"date":"2014-07-21T10:18:00","date_gmt":"2014-07-21T10:18:00","guid":{"rendered":"https:\/\/cinnamonandcoriander.com\/2014\/07\/21\/pfirsich-kamille-tartelettes\/"},"modified":"2021-08-07T13:39:38","modified_gmt":"2021-08-07T19:39:38","slug":"pfirsich-kamille-tartelettes","status":"publish","type":"post","link":"https:\/\/cinnamonandcoriander.com\/de\/pfirsich-kamille-tartelettes\/","title":{"rendered":"Pfirsich-Kamille-Tartelettes | Ein sommerliches Pfirsich-Dessert"},"content":{"rendered":"<p><em>Knuspriger, mit Kamille verfeinerter M\u00fcrbteigboden trifft auch Schmand-Sahnecreme und in Kamillesirup pochierte Pfirsiche! Ein sommerliches Pfirsich-Dessert zum Tr\u00e4umen!<\/em><\/p>\n<h3>Kamille: Nicht nur im Tee, sondern auch in Desserts hervorragend!<\/h3>\n<p>Kennt ihr eigentlich die Geschichte vom kleinen Maulwurf und der Medizin?<br \/>\nNein?? Aber den kleinen Maulwurf kennt ihr schon, oder?<br \/>\nDen von der Sendung mit der Maus??<br \/>\nMal eben in den Kindheits-Erinnerungen w\u00fchlen. JA- genau den!<br \/>\nAlso die Geschichte geht so: Die kleine Maus liegt krank im Bett und laut Dr. Eule kann nur ein Trank aus den Bl\u00fcten einer Pflanze mit dem wundersamen Namen <i>Matricaria Chamomilla<\/i> seine Gef\u00e4hrtin heilen. Der \u00c4rmste brauchte ganz sch\u00f6n lange, bis er darauf kam, dass es sich dabei nur um Kamillenbl\u00fcten-Tee handelt.<\/p>\n<p>In etwa genauso lange brauchte ich, bis ich endlich ein paar ansehnliche Exemplare f\u00fcr meine Pfirsich-Kamillen-Tartelettes gefunden habe, die ich eigentlich schon seit langem einmal backen wollte.<br \/>\nAuf meinem Heimweg von der Uni-Bibliothek zu meinem Domizil, der ja wunderbar entlang des Innufers verl\u00e4uft, sah auch ich sie dann neulich stehen: Die Matricaria Chamomilla in voller Bl\u00fcte.<\/p>\n<p>Dass Kamille auch zu Desserts passen kann, wissen wir ja sp\u00e4testens seit <a href=\"https:\/\/cinnamonandcoriander.com\/kamille-honig-cupcakes\/\">diesen Honig Kamille Tea Cakes<\/a> und ich bin ja schon lange scharf darauf, ein bisschen mehr mit den wei\u00df-goldenen Sommerboten zu experimentieren. Als ich neulich im Teeladen die Sorte: Pfirsich-Kamille sah, wusste ich: DAS ist die Kombination, die ich probieren m\u00f6chte!<\/p>\n<h3>Pfirsich und Kamille &#8211; eine himmlische Kombination f\u00fcr Sommer-Desserts!<\/h3>\n<p>Die fruchtige, blumige S\u00fc\u00dfe des Pfirsichs passt einfach himmlisch zu der milden und leicht bittren Kr\u00e4uternote der Kamille. In meinen Pfirsich-Kamille-Tartelettes kommt dieses Dream Team besonders gut zur Geltung! Ein knuspriger Kamille-M\u00fcrbteig, beladen mit milder, leicht vanilliger Schmand-Sahne und gekr\u00f6nt mit s\u00fc\u00dfen, goldenen Pfirsichen, getr\u00e4nkt in Kamillesirup. Geht es noch sommerlicher?<\/p>\n<div class=\"separator\" style=\"clear: both; text-align: center;\"><\/div>\n<div class=\"separator\" style=\"clear: both; text-align: center;\"><a style=\"margin-left: 1em; margin-right: 1em;\" href=\"https:\/\/cinnamonandcoriander.com\/wp-content\/uploads\/2014\/07\/Pfirsich-Kamille-Tartelette.jpg\"><img decoding=\"async\" src=\"https:\/\/cinnamonandcoriander.com\/wp-content\/uploads\/2014\/07\/Pfirsich-Kamille-Tartelette.jpg\" alt=\"\" border=\"0\" \/><\/a><\/div>\n<p>Die Kombination von Kamille und Pfirsich schmeckt einfach nur herrlich und l\u00e4sst mich an Sonnenschein und lange Spazierg\u00e4nge am Flussufer denken.<br \/>\nDie kleinen Pfirsich Tartes sind dekorativ genug, um bei jedem festlichen Anlass zu gl\u00e4nzen und gleichzeitig einfach genug, um sie auch an jedem anderen &#8220;normalen&#8221; Tag wieder essen zu wollen.<\/p>\n<div class=\"separator\" style=\"clear: both; text-align: center;\"><a style=\"margin-left: 1em; margin-right: 1em;\" href=\"https:\/\/cinnamonandcoriander.com\/wp-content\/uploads\/2014\/07\/Pfirsich-Kamille-Tarte.jpg\"><img decoding=\"async\" class=\"aligncenter\" src=\"https:\/\/cinnamonandcoriander.com\/wp-content\/uploads\/2014\/07\/Pfirsich-Kamille-Tarte.jpg\" alt=\"\" border=\"0\" \/><\/a><\/div>\n<p>Das Rezept ist ist nicht schwierig, braucht aber trotzdem etwas Zeit, da die Pfirsiche mindestens 2 Stunden lang in dem Kamille-Sirup ziehen m\u00fcssen. Das l\u00e4sst sich aber gut vorbereiten. Ihr k\u00f6nnt die Fr\u00fcchte sogar bis zu 2 Tage in dem Kamille-Sud baden lassen. Durch den Zucker sind sie ja praktisch konserviert.<\/p>\n<p>Rezept f\u00fcr 1 28 cm Tarte-Form oder 8 -10 Pfirsich-Kamille-Tartelettes mit &#8220;beweglichem&#8221; Boden<\/p>\n<p>F\u00fcr den Teig:<br \/>\n200g Mehl<br \/>\n80 g Zucker<br \/>\n125 g Butter, kalt<br \/>\n0,5 Tl Salz<br \/>\n1 Ei<br \/>\nInhalt von 4 Teebeuteln Kamille<\/p>\n<p>F\u00fcr die Kamille Pfirsiche:<br \/>\nadaptiert nach <a href=\"https:\/\/www.marthastewart.com\/1072230\/chamomile-peach-tarts\" rel=\"nofollow\">Martha Stewart<\/a><\/p>\n<p>3-4 Pfirsiche, halbiert und entkernt<br \/>\n150 g Zucker<br \/>\nInhalt von 10 Teebeuteln Kamillentee<\/p>\n<p>F\u00fcr die F\u00fcllung<br \/>\n2 Becher Sahne<br \/>\n1 Becher Schmand<br \/>\n2 T\u00fcten Sahnesteif<br \/>\n3 P\u00e4ckchen Bourbon Vanillezucker<\/p>\n<p>Deko: Kamillebl\u00fcten<\/p>\n<p>F\u00fcr die Pfirsiche:<br \/>\nWir erhitzen 6 Tassen Wasser mit dem Zucker und dem Teebeutel-Inhalt und lassen diese Mischung 10 Minuten leicht vor sich hin k\u00f6chelnd einreduzieren.<br \/>\nDen Kamillesirup lassen wir ca 1 Stunde abk\u00fchlen und geben ihn dann durch ein feines Sieb. Nun geben wir die Pfirsich-H\u00e4lften hinzu und erhitzen das Ganze wieder und lassen die Pfirsiche ca 3 Minuten in dem Sirup k\u00f6cheln. Dann vom Herd nehmen, die Pfirsiche samt Sirup in eine Sch\u00fcssel geben und ca 2 Stunden &#8211; 2 Tage in den K\u00fchlschrank geben. Kurz vor dem Servieren nehmt ihr die Fr\u00fcchte aus dem Sirup und zieht ihnen die Haut ab, bevor ihr sie in dekorative Spalten schneidet. Den Rest-Sirup gebt ihr wieder in einen Topf und lasst ihn weiter bei mittlerer Hitze weiter reduzieren. Danach gut abk\u00fchlen lassen.<\/p>\n<p>F\u00fcr die Kruste:<br \/>\nOfen auf 160 Grad vorheizen.<br \/>\nMehl in eine Sch\u00fcssel sieben. Zucker, Kamille und Salz mischen und zu der Mehlmischung geben. \u00a0Nun kommt das Ei und die kalte, klein geschnittene Butter hinzu. \u00a0Alles rasch mit dem Mixer zu einem Teig verarbeiten. Den fertigen Teig zu einer Kugel formen, die dann f\u00fcr 30 Minuten in den K\u00fchlschrank kommt.<br \/>\nNach der K\u00fchlzeit den Teig zur gew\u00fcnschten Gr\u00f6\u00dfe ausrollen und in die gefettete und bemehlte Form oder die F\u00f6rmchen geben. Mit der Gabel mehrmals einstechen,damit der Teig nicht hochkommt. Wenn ihr wollt, k\u00f6nnt ihr die Form vor dem Backen 10 Minuten ins Gefrierfach stellen, damit die Kruste beim Backen ihre Form h\u00e4lt.<br \/>\nDie Tartelettes 10 Minuten vorbacken, bis die R\u00e4nder leicht golden sind. Backt ihr den Teig in einer gro\u00dfen Form, ist die Backzeit nat\u00fcrlich etwas l\u00e4nger. \u00a0Gut ausk\u00fchlen lassen.<\/p>\n<p>F\u00fcr die F\u00fcllung:<br \/>\nDie Sahne mit dem Sahnesteif und dem Vanillezucker steif schlagen und den Schmand unterr\u00fchren.<br \/>\nDie Creme auf den fertigen, ausgek\u00fchlten Tartelettes verteilen und mit den Pfirsich-Spalten garnieren. Jedes \u00a0Tartelette mit einem Teel\u00f6ffel Kamillesirup besprenkeln und zur Deko noch ein paar Kamillebl\u00fcten auf den T\u00f6rtchen verteilen.<\/p>\n<p>Sofort euren Lieben servieren oder noch eine Runde k\u00fchlstellen.<\/p>\n<p>Ist euch Sirup \u00fcbrig geblieben? Macht nichts! Der eignet sich super zum Verfeinern von Limonaden oder auch Cocktails. Hmm&#8230;oder vielleicht ein Prosecco mit Nektarinenspalten und Kamille?<br \/>\nIch glaube da kommt mir schon die n\u00e4chste Idee. Also ihr seht, ich muss mir jetzt ein Gl\u00e4schen mixen!<\/p>\n<p>Ich hoffe die Pfirsich Kamille Tartelettes\u00a0schmecken euch genauso fein wie uns!<\/p>\n<p>Ich w\u00fcnsche euch einen guten Start in die Woche.<\/p>\n<p>Eure Kiki<\/p>\n<div id=\"recipe\"><\/div><div id=\"wprm-recipe-container-7650\" class=\"wprm-recipe-container\" data-recipe-id=\"7650\" data-servings=\"6\"><div class=\"wprm-recipe wprm-recipe-simple\">\n\t<div class=\"wprm-recipe-image-container\">\n\t\t<div class=\"wprm-recipe-image\"><img loading=\"lazy\" decoding=\"async\" width=\"150\" height=\"100\" src=\"https:\/\/cinnamonandcoriander.com\/wp-content\/uploads\/2014\/07\/Pfirsich-Kamille-Tarte-150x100.jpg\" class=\"attachment-thumbnail size-thumbnail\" alt=\"\" srcset=\"https:\/\/cinnamonandcoriander.com\/wp-content\/uploads\/2014\/07\/Pfirsich-Kamille-Tarte-150x100.jpg 150w, https:\/\/cinnamonandcoriander.com\/wp-content\/uploads\/2014\/07\/Pfirsich-Kamille-Tarte.jpg 1140w\" sizes=\"auto, (max-width: 150px) 100vw, 150px\" \/><\/div>\n\t\t<div class=\"wprm-recipe-buttons\">\n\t\t\t\t\t\t<a href=\"https:\/\/cinnamonandcoriander.com\/de\/wprm_print\/pfirsich-kamille-tartelettes-ein-sommerliches-pfirsich-dessert\" class=\"wprm-recipe-print\" target=\"_blank\" rel=\"nofollow\"><span class=\"wprm-recipe-details-icon\"><svg xmlns=\"http:\/\/www.w3.org\/2000\/svg\" xmlns:xlink=\"http:\/\/www.w3.org\/1999\/xlink\" x=\"0px\" y=\"0px\" width=\"16px\" height=\"16px\" viewBox=\"0 0 24 24\"><g ><path fill=\"#343434\" d=\"M19,5.09V1c0-0.552-0.448-1-1-1H6C5.448,0,5,0.448,5,1v4.09C2.167,5.569,0,8.033,0,11v7c0,0.552,0.448,1,1,1h4v4c0,0.552,0.448,1,1,1h12c0.552,0,1-0.448,1-1v-4h4c0.552,0,1-0.448,1-1v-7C24,8.033,21.833,5.569,19,5.09z M7,2h10v3H7V2z M17,22H7v-9h10V22z M18,10c-0.552,0-1-0.448-1-1c0-0.552,0.448-1,1-1s1,0.448,1,1C19,9.552,18.552,10,18,10z\"\/><\/g><\/svg><\/span> Print<\/a>\n\t\t<\/div>\n\t<\/div>\n\t<h2 class=\"wprm-recipe-name\">Pfirsich-Kamille-Tartelettes | Ein sommerliches Pfirsich Dessert<\/h2>\n\t<div class=\"wprm-recipe-summary\">\n\t\t<p>Diese Pfirsich-Tarteletts bestechen durch eine cremige Schmand-Sahnecreme und in Kamillesirup pochierte Pfirsiche! Ein Pfirsich-Dessert zum Tr\u00e4umen!<\/p>\t<\/div>\n\t<div class=\"wprm-recipe-details-container wprm-recipe-tags-container\">\n\t\t\t\t\t<div class=\"wprm-recipe-course-container\">\n\t\t\t\t<span class=\"wprm-recipe-details-icon\"><svg xmlns=\"http:\/\/www.w3.org\/2000\/svg\" xmlns:xlink=\"http:\/\/www.w3.org\/1999\/xlink\" x=\"0px\" y=\"0px\" width=\"16px\" height=\"16px\" viewBox=\"0 0 24 24\"><g ><path fill=\"#000000\" d=\"M22.707,12.293l-11-11C11.52,1.106,11.265,1,11,1H2C1.448,1,1,1.448,1,2v9c0,0.265,0.105,0.52,0.293,0.707l11,11C12.488,22.903,12.744,23,13,23s0.512-0.098,0.707-0.293l9-9C23.098,13.317,23.098,12.684,22.707,12.293z M7,9C5.895,9,5,8.105,5,7c0-1.105,0.895-2,2-2s2,0.895,2,2C9,8.105,8.105,9,7,9z M13,17.414L8.586,13L10,11.586L14.414,16L13,17.414z M16,14.414L11.586,10L13,8.586L17.414,13L16,14.414z\"\/><\/g><\/svg><\/span> <span class=\"wprm-recipe-details-name wprm-recipe-course-name\">Course<\/span>\n\t\t\t\t<span class=\"wprm-recipe-course\">\n\t\t\t\t\tDessert, nachspeise, nachtisch\t\t\t\t<\/span>\n\t\t\t<\/div>\n\t\t\t\t\t<div class=\"wprm-recipe-cuisine-container\">\n\t\t\t\t<span class=\"wprm-recipe-details-icon\"><svg xmlns=\"http:\/\/www.w3.org\/2000\/svg\" xmlns:xlink=\"http:\/\/www.w3.org\/1999\/xlink\" x=\"0px\" y=\"0px\" width=\"16px\" height=\"16px\" viewBox=\"0 0 24 24\"><g ><path fill=\"#000000\" d=\"M22.707,12.293l-11-11C11.52,1.106,11.265,1,11,1H2C1.448,1,1,1.448,1,2v9c0,0.265,0.105,0.52,0.293,0.707l11,11C12.488,22.903,12.744,23,13,23s0.512-0.098,0.707-0.293l9-9C23.098,13.317,23.098,12.684,22.707,12.293z M7,9C5.895,9,5,8.105,5,7c0-1.105,0.895-2,2-2s2,0.895,2,2C9,8.105,8.105,9,7,9z M13,17.414L8.586,13L10,11.586L14.414,16L13,17.414z M16,14.414L11.586,10L13,8.586L17.414,13L16,14.414z\"\/><\/g><\/svg><\/span> <span class=\"wprm-recipe-details-name wprm-recipe-cuisine-name\">Cuisine<\/span>\n\t\t\t\t<span class=\"wprm-recipe-cuisine\">\n\t\t\t\t\tDeutsch, Frankreich\t\t\t\t<\/span>\n\t\t\t<\/div>\n\t\t\t\t\t<div class=\"wprm-recipe-keyword-container\">\n\t\t\t\t<span class=\"wprm-recipe-details-icon\"><svg xmlns=\"http:\/\/www.w3.org\/2000\/svg\" xmlns:xlink=\"http:\/\/www.w3.org\/1999\/xlink\" x=\"0px\" y=\"0px\" width=\"16px\" height=\"16px\" viewBox=\"0 0 24 24\"><g ><path fill=\"#000000\" d=\"M22.707,12.293l-11-11C11.52,1.106,11.265,1,11,1H2C1.448,1,1,1.448,1,2v9c0,0.265,0.105,0.52,0.293,0.707l11,11C12.488,22.903,12.744,23,13,23s0.512-0.098,0.707-0.293l9-9C23.098,13.317,23.098,12.684,22.707,12.293z M7,9C5.895,9,5,8.105,5,7c0-1.105,0.895-2,2-2s2,0.895,2,2C9,8.105,8.105,9,7,9z M13,17.414L8.586,13L10,11.586L14.414,16L13,17.414z M16,14.414L11.586,10L13,8.586L17.414,13L16,14.414z\"\/><\/g><\/svg><\/span> <span class=\"wprm-recipe-details-name wprm-recipe-keyword-name\">Keyword<\/span>\n\t\t\t\t<span class=\"wprm-recipe-keyword\">\n\t\t\t\t\tkamille, pfirsich, sahne, schmand, Tarte, tartelettes\t\t\t\t<\/span>\n\t\t\t<\/div>\n\t\t\t<\/div>\n\t<div class=\"wprm-recipe-details-container wprm-recipe-times-container\">\n\t\t\t\t<div class=\"wprm-recipe-prep-time-container\">\n\t\t\t<span class=\"wprm-recipe-details-icon\"><svg xmlns=\"http:\/\/www.w3.org\/2000\/svg\" xmlns:xlink=\"http:\/\/www.w3.org\/1999\/xlink\" x=\"0px\" y=\"0px\" width=\"16px\" height=\"16px\" viewBox=\"0 0 24 24\"><g ><path data-color=\"color-2\" fill=\"#000000\" d=\"M4.3,16.6l-2.2,2.2c-0.6,0.6-0.9,1.3-0.9,2.1c0,0.8,0.3,1.6,0.9,2.1s1.3,0.9,2.1,0.9c0.8,0,1.6-0.3,2.1-0.9l2.2-2.2L4.3,16.6z\"\/><path fill=\"#000000\" d=\"M22.6,5.4l-3.5-3.5c-1.1-1.1-2.6-1.8-4.2-1.8s-3.1,0.6-4.2,1.8l-8.4,8.4c-0.4,0.4-0.4,1,0,1.4l7.1,7.1C9.5,18.9,9.7,19,10,19c0,0,0,0,0,0c0.3,0,0.5-0.1,0.7-0.3L22.6,6.8C23,6.4,23,5.8,22.6,5.4z M9.2,14.6l-1.4-1.4l6.4-6.4l1.4,1.4L9.2,14.6z\"\/><\/g><\/svg><\/span> <span class=\"wprm-recipe-details-name wprm-recipe-prep-time-name\">Prep Time<\/span> <span class=\"wprm-recipe-details wprm-recipe-details-minutes wprm-recipe-prep_time wprm-recipe-prep_time-minutes\">35<\/span> <span class=\"wprm-recipe-details-unit wprm-recipe-details-minutes wprm-recipe-prep_time-unit wprm-recipe-prep_timeunit-minutes\">Minuten<\/span>\t\t<\/div>\n\t\t\t\t\t\t<div class=\"wprm-recipe-cook-time-container\">\n\t\t\t<span class=\"wprm-recipe-details-icon\"><svg xmlns=\"http:\/\/www.w3.org\/2000\/svg\" xmlns:xlink=\"http:\/\/www.w3.org\/1999\/xlink\" x=\"0px\" y=\"0px\" width=\"16px\" height=\"16px\" viewBox=\"0 0 24 24\"><g ><path data-color=\"color-2\" fill=\"#000000\" d=\"M9,9c0.6,0,1-0.4,1-1V4c0-0.6-0.4-1-1-1S8,3.4,8,4v4C8,8.6,8.4,9,9,9z\"\/><path data-color=\"color-2\" fill=\"#000000\" d=\"M4,12c0.6,0,1-0.4,1-1V7c0-0.6-0.4-1-1-1S3,6.4,3,7v4C3,11.6,3.4,12,4,12z\"\/><path data-color=\"color-2\" fill=\"#000000\" d=\"M14,12c0.6,0,1-0.4,1-1V7c0-0.6-0.4-1-1-1s-1,0.4-1,1v4C13,11.6,13.4,12,14,12z\"\/><path fill=\"#000000\" d=\"M23,14h-5H1c-0.6,0-1,0.4-1,1v3c0,1.7,1.3,3,3,3h13c1.7,0,3-1.3,3-3v-1h4c0.6,0,1-0.4,1-1v-1C24,14.4,23.6,14,23,14z\"\/><\/g><\/svg><\/span> <span class=\"wprm-recipe-details-name wprm-recipe-cook-time-name\">Cook Time<\/span> <span class=\"wprm-recipe-details wprm-recipe-details-minutes wprm-recipe-cook_time wprm-recipe-cook_time-minutes\">15<\/span> <span class=\"wprm-recipe-details-unit wprm-recipe-details-minutes wprm-recipe-cook_time-unit wprm-recipe-cook_timeunit-minutes\">Minuten<\/span>\t\t<\/div>\n\t\t\t\t\t\t<div class=\"wprm-recipe-custom-time-container\">\n\t\t\t<span class=\"wprm-recipe-details-icon\"><svg xmlns=\"http:\/\/www.w3.org\/2000\/svg\" xmlns:xlink=\"http:\/\/www.w3.org\/1999\/xlink\" x=\"0px\" y=\"0px\" width=\"16\" height=\"16\" viewBox=\"0 0 16 16\"><g class=\"nc-icon-wrapper\" fill=\"#000000\" transform=\"translate(1.5999999999999996 1.5999999999999996) scale(0.8)\"><path fill=\"#000000\" d=\"M15,2c0.6,0,1-0.4,1-1s-0.4-1-1-1H1C0.4,0,0,0.4,0,1s0.4,1,1,1h1c0.1,2.4,0.8,4.5,2,6c-1.2,1.4-2,3.6-2,6H1 c-0.6,0-1,0.4-1,1s0.4,1,1,1h14c0.6,0,1-0.4,1-1s-0.4-1-1-1h-1c-0.1-2.5-0.8-4.6-2-6c1.3-1.5,2-3.6,2-6H15z M9.9,7.3L9,8.1l1,0.7 c1.2,0.9,2,2.9,2.1,5.2H4c0.1-2.3,0.9-4.3,2.1-5.2l1-0.7L6.1,7.3C4.8,6.1,4.1,4.2,4,2h8C11.9,4.2,11.2,6.1,9.9,7.3z\"><\/path><\/g><\/svg><\/span> <span class=\"wprm-recipe-details-name wprm-recipe-custom-time-name\">Ruhezeit<\/span> <span class=\"wprm-recipe-details wprm-recipe-details-minutes wprm-recipe-custom_time wprm-recipe-custom_time-minutes\">30<\/span> <span class=\"wprm-recipe-details-unit wprm-recipe-details-minutes wprm-recipe-custom_time-unit wprm-recipe-custom_timeunit-minutes\">Minuten<\/span>\t\t<\/div>\n\t\t\t\t\t\t<div class=\"wprm-recipe-total-time-container\">\n\t\t\t<span class=\"wprm-recipe-details-icon\"><svg xmlns=\"http:\/\/www.w3.org\/2000\/svg\" xmlns:xlink=\"http:\/\/www.w3.org\/1999\/xlink\" x=\"0px\" y=\"0px\" width=\"16px\" height=\"16px\" viewBox=\"0 0 24 24\"><g ><path fill=\"#000000\" d=\"M21,11h2.949C23.466,5.181,18.819,0.534,13,0.051V3h-2V0.051C5.181,0.534,0.534,5.181,0.051,11H3v2H0.051C0.534,18.819,5.181,23.466,11,23.949V21h2v2.949c5.819-0.484,10.466-5.13,10.949-10.949H21V11z M17,13h-5.535L6.613,5.723l1.664-1.109L12.535,11H17V13z\"\/><\/g><\/svg><\/span> <span class=\"wprm-recipe-details-name wprm-recipe-total-time-name\">Total Time<\/span> <span class=\"wprm-recipe-details wprm-recipe-details-minutes wprm-recipe-total_time wprm-recipe-total_time-minutes\">50<\/span> <span class=\"wprm-recipe-details-unit wprm-recipe-details-minutes wprm-recipe-total_time-unit wprm-recipe-total_timeunit-minutes\">Minuten<\/span>\t\t<\/div>\n\t\t\t<\/div>\n\t<div class=\"wprm-recipe-details-container\">\n\t\t\t\t<div class=\"wprm-recipe-servings-container\">\n\t\t\t<span class=\"wprm-recipe-details-icon\"><svg xmlns=\"http:\/\/www.w3.org\/2000\/svg\" xmlns:xlink=\"http:\/\/www.w3.org\/1999\/xlink\" x=\"0px\" y=\"0px\" width=\"16px\" height=\"16px\" viewBox=\"0 0 24 24\"><g ><path fill=\"#000000\" d=\"M10,0C9.4,0,9,0.4,9,1v4H7V1c0-0.6-0.4-1-1-1S5,0.4,5,1v4H3V1c0-0.6-0.4-1-1-1S1,0.4,1,1v8c0,1.7,1.3,3,3,3v10c0,1.1,0.9,2,2,2s2-0.9,2-2V12c1.7,0,3-1.3,3-3V1C11,0.4,10.6,0,10,0z\"\/><path data-color=\"color-2\" fill=\"#000000\" d=\"M19,0c-3.3,0-6,2.7-6,6v9c0,0.6,0.4,1,1,1h2v6c0,1.1,0.9,2,2,2s2-0.9,2-2V1C20,0.4,19.6,0,19,0z\"\/><\/g><\/svg><\/span> <span class=\"wprm-recipe-details-name wprm-recipe-servings-name\">Servings<\/span> <span class=\"wprm-recipe-details wprm-recipe-servings wprm-recipe-servings-7650\">6<\/span> <span class=\"wprm-recipe-details-unit wprm-recipe-servings-unit\">Stueck<\/span>\n\t\t<\/div>\n\t\t\t\t\t\t<div class=\"wprm-recipe-calories-container\">\n\t\t\t<span class=\"wprm-recipe-details-icon\"><svg xmlns=\"http:\/\/www.w3.org\/2000\/svg\" xmlns:xlink=\"http:\/\/www.w3.org\/1999\/xlink\" x=\"0px\" y=\"0px\" width=\"16px\" height=\"16px\" viewBox=\"0 0 24 24\"><g ><rect data-color=\"color-2\" x=\"21\" y=\"8\" fill=\"#343434\" width=\"3\" height=\"8\"\/><path fill=\"#343434\" d=\"M18,5H1C0.448,5,0,5.447,0,6v12c0,0.553,0.448,1,1,1h17c0.552,0,1-0.447,1-1V6C19,5.447,18.552,5,18,5z M11,12v4l-7-5l5,1V8l6,5L11,12z\"\/><\/g><\/svg><\/span> <span class=\"wprm-recipe-details-name wprm-recipe-calories-name\">Calories<\/span> <span class=\"wprm-recipe-details wprm-recipe-calories\">390<\/span> <span class=\"wprm-recipe-details-unit wprm-recipe-calories-unit\">kcal<\/span>\n\t\t<\/div>\n\t\t\t\t\t\t<div class=\"wprm-recipe-author-container\">\n\t\t\t<span class=\"wprm-recipe-details-icon\"><svg xmlns=\"http:\/\/www.w3.org\/2000\/svg\" xmlns:xlink=\"http:\/\/www.w3.org\/1999\/xlink\" x=\"0px\" y=\"0px\" width=\"16px\" height=\"16px\" viewBox=\"0 0 24 24\"><g ><path data-color=\"color-2\" fill=\"#343434\" d=\"M13,21h-2H5v2c0,0.6,0.4,1,1,1h12c0.6,0,1-0.4,1-1v-2H13z\"\/><path fill=\"#343434\" d=\"M18,4c-0.1,0-0.2,0-0.3,0c-0.8-2.3-3-4-5.7-4S7.2,1.7,6.3,4C6.2,4,6.1,4,6,4c-3.3,0-6,2.7-6,6c0,3,2.2,5.4,5,5.9V19h6v-4h2v4h6v-3.1c2.8-0.5,5-2.9,5-5.9C24,6.7,21.3,4,18,4z\"\/><\/g><\/svg><\/span> <span class=\"wprm-recipe-details-name wprm-recipe-author-name\">Author<\/span> <span class=\"wprm-recipe-details wprm-recipe-author\">Kiki Johnson<\/span>\n\t\t<\/div>\n\t\t\t<\/div>\n\n\t\t<div class=\"wprm-recipe-ingredients-container\">\n\t\t<h3 class=\"wprm-recipe-header\">Ingredients<\/h3>\n\t\t\t\t<div class=\"wprm-recipe-ingredient-group\">\n\t\t\t\t\t\t<h4 class=\"wprm-recipe-group-name wprm-recipe-ingredient-group-name\">F\u00fcr den Teig:<\/h4>\n\t\t\t\t\t\t<ul class=\"wprm-recipe-ingredients\">\n\t\t\t\t\t\t\t\t<li class=\"wprm-recipe-ingredient\">\n\t\t\t\t\t\t\t\t\t\t<span class=\"wprm-recipe-ingredient-amount\">200<\/span>\n\t\t\t\t\t\t\t\t\t\t\t\t\t\t\t<span class=\"wprm-recipe-ingredient-unit\">g<\/span>\n\t\t\t\t\t\t\t\t\t\t<span class=\"wprm-recipe-ingredient-name\">Mehl<\/span>\n\t\t\t\t\t\t\t\t\t<\/li>\n\t\t\t\t\t\t\t\t<li class=\"wprm-recipe-ingredient\">\n\t\t\t\t\t\t\t\t\t\t<span class=\"wprm-recipe-ingredient-amount\">80<\/span>\n\t\t\t\t\t\t\t\t\t\t\t\t\t\t\t<span class=\"wprm-recipe-ingredient-unit\">g<\/span>\n\t\t\t\t\t\t\t\t\t\t<span class=\"wprm-recipe-ingredient-name\">Zucker<\/span>\n\t\t\t\t\t\t\t\t\t<\/li>\n\t\t\t\t\t\t\t\t<li class=\"wprm-recipe-ingredient\">\n\t\t\t\t\t\t\t\t\t\t<span class=\"wprm-recipe-ingredient-amount\">125<\/span>\n\t\t\t\t\t\t\t\t\t\t\t\t\t\t\t<span class=\"wprm-recipe-ingredient-unit\">g<\/span>\n\t\t\t\t\t\t\t\t\t\t<span class=\"wprm-recipe-ingredient-name\">Butter<\/span>\n\t\t\t\t\t\t\t\t\t\t<span class=\"wprm-recipe-ingredient-notes\">kalt<\/span>\n\t\t\t\t\t\t\t\t\t<\/li>\n\t\t\t\t\t\t\t\t<li class=\"wprm-recipe-ingredient\">\n\t\t\t\t\t\t\t\t\t\t<span class=\"wprm-recipe-ingredient-amount\">0,5<\/span>\n\t\t\t\t\t\t\t\t\t\t\t\t\t\t\t<span class=\"wprm-recipe-ingredient-name\">Tl Salz<\/span>\n\t\t\t\t\t\t\t\t\t<\/li>\n\t\t\t\t\t\t\t\t<li class=\"wprm-recipe-ingredient\">\n\t\t\t\t\t\t\t\t\t\t<span class=\"wprm-recipe-ingredient-amount\">1<\/span>\n\t\t\t\t\t\t\t\t\t\t\t\t\t\t\t<span class=\"wprm-recipe-ingredient-name\">Ei<\/span>\n\t\t\t\t\t\t\t\t\t<\/li>\n\t\t\t\t\t\t\t\t<li class=\"wprm-recipe-ingredient\">\n\t\t\t\t\t\t\t\t\t\t\t\t\t\t\t<span class=\"wprm-recipe-ingredient-name\">Inhalt von 4 Teebeuteln Kamille<\/span>\n\t\t\t\t\t\t\t\t\t<\/li>\n\t\t\t\t\t\t\t<\/ul>\n\t\t<\/div>\n\t \t\t<div class=\"wprm-recipe-ingredient-group\">\n\t\t\t\t\t\t<h4 class=\"wprm-recipe-group-name wprm-recipe-ingredient-group-name\">F\u00fcr die Kamille Pfirsiche:<\/h4>\n\t\t\t\t\t\t<ul class=\"wprm-recipe-ingredients\">\n\t\t\t\t\t\t\t\t<li class=\"wprm-recipe-ingredient\">\n\t\t\t\t\t\t\t\t\t\t\t\t\t\t\t<span class=\"wprm-recipe-ingredient-name\">adaptiert nach Martha Stewart<\/span>\n\t\t\t\t\t\t\t\t\t<\/li>\n\t\t\t\t\t\t\t\t<li class=\"wprm-recipe-ingredient\">\n\t\t\t\t\t\t\t\t\t\t<span class=\"wprm-recipe-ingredient-amount\">3-4<\/span>\n\t\t\t\t\t\t\t\t\t\t\t\t\t\t\t<span class=\"wprm-recipe-ingredient-name\">Pfirsiche<\/span>\n\t\t\t\t\t\t\t\t\t\t<span class=\"wprm-recipe-ingredient-notes\">halbiert und entkernt<\/span>\n\t\t\t\t\t\t\t\t\t<\/li>\n\t\t\t\t\t\t\t\t<li class=\"wprm-recipe-ingredient\">\n\t\t\t\t\t\t\t\t\t\t<span class=\"wprm-recipe-ingredient-amount\">150<\/span>\n\t\t\t\t\t\t\t\t\t\t\t\t\t\t\t<span class=\"wprm-recipe-ingredient-unit\">g<\/span>\n\t\t\t\t\t\t\t\t\t\t<span class=\"wprm-recipe-ingredient-name\">Zucker<\/span>\n\t\t\t\t\t\t\t\t\t<\/li>\n\t\t\t\t\t\t\t\t<li class=\"wprm-recipe-ingredient\">\n\t\t\t\t\t\t\t\t\t\t\t\t\t\t\t<span class=\"wprm-recipe-ingredient-name\">Inhalt von 10 Teebeuteln Kamillentee<\/span>\n\t\t\t\t\t\t\t\t\t<\/li>\n\t\t\t\t\t\t\t<\/ul>\n\t\t<\/div>\n\t \t\t<div class=\"wprm-recipe-ingredient-group\">\n\t\t\t\t\t\t<h4 class=\"wprm-recipe-group-name wprm-recipe-ingredient-group-name\">F\u00fcr die F\u00fcllung<\/h4>\n\t\t\t\t\t\t<ul class=\"wprm-recipe-ingredients\">\n\t\t\t\t\t\t\t\t<li class=\"wprm-recipe-ingredient\">\n\t\t\t\t\t\t\t\t\t\t<span class=\"wprm-recipe-ingredient-amount\">2<\/span>\n\t\t\t\t\t\t\t\t\t\t\t\t\t\t\t<span class=\"wprm-recipe-ingredient-name\">Becher Sahne<\/span>\n\t\t\t\t\t\t\t\t\t<\/li>\n\t\t\t\t\t\t\t\t<li class=\"wprm-recipe-ingredient\">\n\t\t\t\t\t\t\t\t\t\t<span class=\"wprm-recipe-ingredient-amount\">1<\/span>\n\t\t\t\t\t\t\t\t\t\t\t\t\t\t\t<span class=\"wprm-recipe-ingredient-name\">Becher Schmand<\/span>\n\t\t\t\t\t\t\t\t\t<\/li>\n\t\t\t\t\t\t\t\t<li class=\"wprm-recipe-ingredient\">\n\t\t\t\t\t\t\t\t\t\t<span class=\"wprm-recipe-ingredient-amount\">2<\/span>\n\t\t\t\t\t\t\t\t\t\t\t\t\t\t\t<span class=\"wprm-recipe-ingredient-name\">T\u00fcten Sahnesteif<\/span>\n\t\t\t\t\t\t\t\t\t<\/li>\n\t\t\t\t\t\t\t\t<li class=\"wprm-recipe-ingredient\">\n\t\t\t\t\t\t\t\t\t\t<span class=\"wprm-recipe-ingredient-amount\">3<\/span>\n\t\t\t\t\t\t\t\t\t\t\t\t\t\t\t<span class=\"wprm-recipe-ingredient-name\">P\u00e4ckchen Bourbon Vanillezucker<\/span>\n\t\t\t\t\t\t\t\t\t<\/li>\n\t\t\t\t\t\t\t\t<li class=\"wprm-recipe-ingredient\">\n\t\t\t\t\t\t\t\t\t\t\t\t\t\t\t<span class=\"wprm-recipe-ingredient-name\">Deko: Kamillebl\u00fcten<\/span>\n\t\t\t\t\t\t\t\t\t<\/li>\n\t\t\t\t\t\t\t<\/ul>\n\t\t<\/div>\n\t \t \t<\/div>\n\t\t\t<div class=\"wprm-recipe-instructions-container\">\n\t\t<h3 class=\"wprm-recipe-header\">Instructions<\/h3>\n\t\t\t\t<div class=\"wprm-recipe-instruction-group\">\n\t\t\t\t\t\t<h4 class=\"wprm-recipe-group-name wprm-recipe-instruction-group-name\">F\u00fcr die Pfirsiche:<\/h4>\n\t\t\t\t\t\t<ol class=\"wprm-recipe-instructions\">\n\t\t\t\t\t\t\t\t<li class=\"wprm-recipe-instruction\">\n\t\t\t\t\t\t\t\t\t\t<div class=\"wprm-recipe-instruction-text\">Wir erhitzen 6 Tassen Wasser mit dem Zucker und dem Teebeutel-Inhalt und lassen diese Mischung 10 Minuten leicht vor sich hin k\u00f6chelnd einreduzieren.<\/div>\n\t\t\t\t\t\t\t\t\t\t\t\t\t\t<\/li>\n\t\t\t\t\t\t\t\t<li class=\"wprm-recipe-instruction\">\n\t\t\t\t\t\t\t\t\t\t<div class=\"wprm-recipe-instruction-text\">Den Kamillesirup lassen wir ca 1 Stunde abk\u00fchlen und geben ihn dann durch ein feines Sieb. Nun geben wir die Pfirsich-H\u00e4lften hinzu und erhitzen das Ganze wieder und lassen die Pfirsiche ca 3 Minuten in dem Sirup k\u00f6cheln. Dann vom Herd nehmen, die Pfirsiche samt Sirup in eine Sch\u00fcssel geben und ca 2 Stunden - 2 Tage in den K\u00fchlschrank geben. Kurz vor dem Servieren nehmt ihr die Fr\u00fcchte aus dem Sirup und zieht ihnen die Haut ab, bevor ihr sie in dekorative Spalten schneidet. Den Rest-Sirup gebt ihr wieder in einen Topf und lasst ihn weiter bei mittlerer Hitze weiter reduzieren. Danach gut abk\u00fchlen lassen.<\/div>\n\t\t\t\t\t\t\t\t\t\t\t\t\t\t<\/li>\n\t\t\t\t\t\t\t<\/ol>\n\t\t<\/div>\n\t\t\t\t<div class=\"wprm-recipe-instruction-group\">\n\t\t\t\t\t\t<h4 class=\"wprm-recipe-group-name wprm-recipe-instruction-group-name\">F\u00fcr die Kruste:<\/h4>\n\t\t\t\t\t\t<ol class=\"wprm-recipe-instructions\">\n\t\t\t\t\t\t\t\t<li class=\"wprm-recipe-instruction\">\n\t\t\t\t\t\t\t\t\t\t<div class=\"wprm-recipe-instruction-text\">Ofen auf 160 Grad vorheizen.<\/div>\n\t\t\t\t\t\t\t\t\t\t\t\t\t\t<\/li>\n\t\t\t\t\t\t\t\t<li class=\"wprm-recipe-instruction\">\n\t\t\t\t\t\t\t\t\t\t<div class=\"wprm-recipe-instruction-text\">Mehl in eine Sch\u00fcssel sieben. Zucker, Kamille und Salz mischen und zu der Mehlmischung geben. \u00a0Nun kommt das Ei und die kalte, klein geschnittene Butter hinzu. \u00a0Alles rasch mit dem Mixer zu einem Teig verarbeiten. Den fertigen Teig zu einer Kugel formen, die dann f\u00fcr 30 Minuten in den K\u00fchlschrank kommt.<\/div>\n\t\t\t\t\t\t\t\t\t\t\t\t\t\t<\/li>\n\t\t\t\t\t\t\t\t<li class=\"wprm-recipe-instruction\">\n\t\t\t\t\t\t\t\t\t\t<div class=\"wprm-recipe-instruction-text\">Nach der K\u00fchlzeit den Teig zur gew\u00fcnschten Gr\u00f6\u00dfe ausrollen und in die gefettete und bemehlte Form oder die F\u00f6rmchen geben. Mit der Gabel mehrmals einstechen,damit der Teig nicht hochkommt. Wenn ihr wollt, k\u00f6nnt ihr die Form vor dem Backen 10 Minuten ins Gefrierfach stellen, damit die Kruste beim Backen ihre Form h\u00e4lt.<\/div>\n\t\t\t\t\t\t\t\t\t\t\t\t\t\t<\/li>\n\t\t\t\t\t\t\t\t<li class=\"wprm-recipe-instruction\">\n\t\t\t\t\t\t\t\t\t\t<div class=\"wprm-recipe-instruction-text\">Die Tartelettes 10 Minuten vorbacken, bis die R\u00e4nder leicht golden sind. Backt ihr den Teig in einer gro\u00dfen Form, ist die Backzeit nat\u00fcrlich etwas l\u00e4nger. \u00a0Gut ausk\u00fchlen lassen.<\/div>\n\t\t\t\t\t\t\t\t\t\t\t\t\t\t<\/li>\n\t\t\t\t\t\t\t<\/ol>\n\t\t<\/div>\n\t\t\t\t<div class=\"wprm-recipe-instruction-group\">\n\t\t\t\t\t\t<h4 class=\"wprm-recipe-group-name wprm-recipe-instruction-group-name\">F\u00fcr die F\u00fcllung:<\/h4>\n\t\t\t\t\t\t<ol class=\"wprm-recipe-instructions\">\n\t\t\t\t\t\t\t\t<li class=\"wprm-recipe-instruction\">\n\t\t\t\t\t\t\t\t\t\t<div class=\"wprm-recipe-instruction-text\">Die Sahne mit dem Sahnesteif und dem Vanillezucker steif schlagen und den Schmand unterr\u00fchren.<\/div>\n\t\t\t\t\t\t\t\t\t\t\t\t\t\t<\/li>\n\t\t\t\t\t\t\t\t<li class=\"wprm-recipe-instruction\">\n\t\t\t\t\t\t\t\t\t\t<div class=\"wprm-recipe-instruction-text\">Die Creme auf den fertigen, ausgek\u00fchlten Tartelettes verteilen und mit den Pfirsich-Spalten garnieren. Jedes \u00a0Tartelette mit einem Teel\u00f6ffel Kamillesirup besprenkeln und zur Deko noch ein paar Kamillebl\u00fcten auf den T\u00f6rtchen verteilen.<\/div>\n\t\t\t\t\t\t\t\t\t\t\t\t\t\t<\/li>\n\t\t\t\t\t\t\t\t<li class=\"wprm-recipe-instruction\">\n\t\t\t\t\t\t\t\t\t\t<div class=\"wprm-recipe-instruction-text\">Sofort euren Lieben servieren oder noch eine Runde k\u00fchlstellen.<\/div>\n\t\t\t\t\t\t\t\t\t\t\t\t\t\t<\/li>\n\t\t\t\t\t\t\t<\/ol>\n\t\t<\/div>\n\t\t\t<\/div>\n\t\t\t\t<div class=\"wprm-recipe-notes-container\">\n\t\t<h3 class=\"wprm-recipe-header\">Recipe Notes<\/h3>\n\t\t<p>Ist euch Sirup \u00fcbrig geblieben? Macht nichts! Der eignet sich super zum Verfeinern von Limonaden oder auch Cocktails. Hmm...oder vielleicht ein Prosecco mit Nektarinenspalten und Kamille? Ich glaube da kommt mir schon die n\u00e4chste Idee. Also ihr seht, ich muss mir jetzt ein Gl\u00e4schen mixen!<\/p>\n\t<\/div>\n\t\t<\/div>\n<\/div>\n<p>Gef\u00e4llt euch mein Rezept f\u00fcr Pfirsich-Kamille-Tartelettes? Dann pinnt es!<\/p>\n<p><img loading=\"lazy\" decoding=\"async\" width=\"600\" height=\"900\" class=\"aligncenter size-full wp-image-7648\" src=\"https:\/\/cinnamonandcoriander.com\/wp-content\/uploads\/2014\/07\/pfirsich-kamille-tarteletts-tortchen.jpg\" alt=\"Pfirsich Kamille Tarteletts \" srcset=\"https:\/\/cinnamonandcoriander.com\/wp-content\/uploads\/2014\/07\/pfirsich-kamille-tarteletts-tortchen.jpg 600w, https:\/\/cinnamonandcoriander.com\/wp-content\/uploads\/2014\/07\/pfirsich-kamille-tarteletts-tortchen-100x150.jpg 100w, https:\/\/cinnamonandcoriander.com\/wp-content\/uploads\/2014\/07\/pfirsich-kamille-tarteletts-tortchen-360x540.jpg 360w\" sizes=\"auto, (max-width: 600px) 100vw, 600px\" \/><\/p>\n<p>&nbsp;<\/p>\n","protected":false},"excerpt":{"rendered":"<p>Knuspriger, mit Kamille verfeinerter M\u00fcrbteigboden trifft auch Schmand-Sahnecreme und in Kamillesirup pochierte Pfirsiche! Ein sommerliches&#8230;<\/p>\n","protected":false},"author":1,"featured_media":922,"comment_status":"open","ping_status":"closed","sticky":false,"template":"","format":"standard","meta":{"wprm-recipe-roundup-name":"","wprm-recipe-roundup-description":"","_kadence_starter_templates_imported_post":false,"_kad_post_transparent":"","_kad_post_title":"","_kad_post_layout":"","_kad_post_sidebar_id":"","_kad_post_content_style":"","_kad_post_vertical_padding":"","_kad_post_feature":"","_kad_post_feature_position":"","_kad_post_header":false,"_kad_post_footer":false,"_kad_post_classname":"","footnotes":""},"categories":[33,24],"tags":[],"class_list":["post-147","post","type-post","status-publish","format-standard","has-post-thumbnail","hentry","category-europa","category-tartes-pies"],"yoast_head":"<!-- This site is optimized with the Yoast SEO plugin v27.4 - https:\/\/yoast.com\/product\/yoast-seo-wordpress\/ -->\n<title>Pfirsich-Kamille-Tartelettes | Ein sommerliches Pfirsich-Dessert - Cinnamon&amp;Coriander<\/title>\n<meta name=\"description\" content=\"{:de}Knuspriger Kamille-M\u00fcrbteig mit Schmand-Sahne, gekr\u00f6nt mit in Kamille Sirup blanchierten Pfirsichen - diese Pfirsich Kamille Tartelettes sind himmlisch!{:}\" \/>\n<meta name=\"robots\" content=\"index, follow, max-snippet:-1, max-image-preview:large, max-video-preview:-1\" \/>\n<link rel=\"canonical\" href=\"https:\/\/cinnamonandcoriander.com\/de\/pfirsich-kamille-tartelettes\/\" \/>\n<meta property=\"og:locale\" content=\"de_DE\" \/>\n<meta property=\"og:type\" content=\"article\" \/>\n<meta property=\"og:title\" content=\"Pfirsich-Kamille-Tartelettes | Ein sommerliches Pfirsich-Dessert - Cinnamon&amp;Coriander\" \/>\n<meta property=\"og:description\" content=\"{:de}Knuspriger Kamille-M\u00fcrbteig mit Schmand-Sahne, gekr\u00f6nt mit in Kamille Sirup blanchierten Pfirsichen - diese Pfirsich Kamille Tartelettes sind himmlisch!{:}\" \/>\n<meta property=\"og:url\" content=\"https:\/\/cinnamonandcoriander.com\/de\/pfirsich-kamille-tartelettes\/\" \/>\n<meta property=\"og:site_name\" content=\"Cinnamon&amp;Coriander\" \/>\n<meta property=\"article:publisher\" content=\"https:\/\/www.facebook.com\/cinnamonandcoriander\/\" \/>\n<meta property=\"article:published_time\" content=\"2014-07-21T10:18:00+00:00\" \/>\n<meta property=\"article:modified_time\" content=\"2021-08-07T19:39:38+00:00\" \/>\n<meta property=\"og:image\" content=\"https:\/\/cinnamonandcoriander.com\/wp-content\/uploads\/2014\/07\/Pfirsich-Kamille-Tartelette.jpg\" \/>\n\t<meta property=\"og:image:width\" content=\"1140\" \/>\n\t<meta property=\"og:image:height\" content=\"760\" \/>\n\t<meta property=\"og:image:type\" content=\"image\/jpeg\" \/>\n<meta name=\"author\" content=\"kikiwp\" \/>\n<meta name=\"twitter:card\" content=\"summary_large_image\" \/>\n<meta name=\"twitter:label1\" content=\"Verfasst von\" \/>\n\t<meta name=\"twitter:data1\" content=\"kikiwp\" \/>\n\t<meta name=\"twitter:label2\" content=\"Gesch\u00e4tzte Lesezeit\" \/>\n\t<meta name=\"twitter:data2\" content=\"7\u00a0Minuten\" \/>\n<script type=\"application\/ld+json\" class=\"yoast-schema-graph\">{\"@context\":\"https:\\\/\\\/schema.org\",\"@graph\":[{\"@type\":\"Article\",\"@id\":\"https:\\\/\\\/cinnamonandcoriander.com\\\/de\\\/pfirsich-kamille-tartelettes\\\/#article\",\"isPartOf\":{\"@id\":\"https:\\\/\\\/cinnamonandcoriander.com\\\/de\\\/pfirsich-kamille-tartelettes\\\/\"},\"author\":{\"name\":\"kikiwp\",\"@id\":\"https:\\\/\\\/cinnamonandcoriander.com\\\/de\\\/#\\\/schema\\\/person\\\/f2e574f3f829f50d65505592a83e3c48\"},\"headline\":\"Pfirsich-Kamille-Tartelettes | Ein sommerliches Pfirsich-Dessert\",\"datePublished\":\"2014-07-21T10:18:00+00:00\",\"dateModified\":\"2021-08-07T19:39:38+00:00\",\"mainEntityOfPage\":{\"@id\":\"https:\\\/\\\/cinnamonandcoriander.com\\\/de\\\/pfirsich-kamille-tartelettes\\\/\"},\"wordCount\":1408,\"commentCount\":1,\"publisher\":{\"@id\":\"https:\\\/\\\/cinnamonandcoriander.com\\\/de\\\/#organization\"},\"image\":{\"@id\":\"https:\\\/\\\/cinnamonandcoriander.com\\\/de\\\/pfirsich-kamille-tartelettes\\\/#primaryimage\"},\"thumbnailUrl\":\"https:\\\/\\\/cinnamonandcoriander.com\\\/wp-content\\\/uploads\\\/2014\\\/07\\\/Pfirsich-Kamille-Tartelette.jpg\",\"articleSection\":[\"Europa\",\"Tartes &amp; Pies\"],\"inLanguage\":\"de\",\"potentialAction\":[{\"@type\":\"CommentAction\",\"name\":\"Comment\",\"target\":[\"https:\\\/\\\/cinnamonandcoriander.com\\\/de\\\/pfirsich-kamille-tartelettes\\\/#respond\"]}]},{\"@type\":\"WebPage\",\"@id\":\"https:\\\/\\\/cinnamonandcoriander.com\\\/de\\\/pfirsich-kamille-tartelettes\\\/\",\"url\":\"https:\\\/\\\/cinnamonandcoriander.com\\\/de\\\/pfirsich-kamille-tartelettes\\\/\",\"name\":\"Pfirsich-Kamille-Tartelettes | Ein sommerliches Pfirsich-Dessert - Cinnamon&amp;Coriander\",\"isPartOf\":{\"@id\":\"https:\\\/\\\/cinnamonandcoriander.com\\\/de\\\/#website\"},\"primaryImageOfPage\":{\"@id\":\"https:\\\/\\\/cinnamonandcoriander.com\\\/de\\\/pfirsich-kamille-tartelettes\\\/#primaryimage\"},\"image\":{\"@id\":\"https:\\\/\\\/cinnamonandcoriander.com\\\/de\\\/pfirsich-kamille-tartelettes\\\/#primaryimage\"},\"thumbnailUrl\":\"https:\\\/\\\/cinnamonandcoriander.com\\\/wp-content\\\/uploads\\\/2014\\\/07\\\/Pfirsich-Kamille-Tartelette.jpg\",\"datePublished\":\"2014-07-21T10:18:00+00:00\",\"dateModified\":\"2021-08-07T19:39:38+00:00\",\"description\":\"{:de}Knuspriger Kamille-M\u00fcrbteig mit Schmand-Sahne, gekr\u00f6nt mit in Kamille Sirup blanchierten Pfirsichen - diese Pfirsich Kamille Tartelettes sind himmlisch!{:}\",\"breadcrumb\":{\"@id\":\"https:\\\/\\\/cinnamonandcoriander.com\\\/de\\\/pfirsich-kamille-tartelettes\\\/#breadcrumb\"},\"inLanguage\":\"de\",\"potentialAction\":[{\"@type\":\"ReadAction\",\"target\":[\"https:\\\/\\\/cinnamonandcoriander.com\\\/de\\\/pfirsich-kamille-tartelettes\\\/\"]}]},{\"@type\":\"ImageObject\",\"inLanguage\":\"de\",\"@id\":\"https:\\\/\\\/cinnamonandcoriander.com\\\/de\\\/pfirsich-kamille-tartelettes\\\/#primaryimage\",\"url\":\"https:\\\/\\\/cinnamonandcoriander.com\\\/wp-content\\\/uploads\\\/2014\\\/07\\\/Pfirsich-Kamille-Tartelette.jpg\",\"contentUrl\":\"https:\\\/\\\/cinnamonandcoriander.com\\\/wp-content\\\/uploads\\\/2014\\\/07\\\/Pfirsich-Kamille-Tartelette.jpg\",\"width\":1140,\"height\":760},{\"@type\":\"BreadcrumbList\",\"@id\":\"https:\\\/\\\/cinnamonandcoriander.com\\\/de\\\/pfirsich-kamille-tartelettes\\\/#breadcrumb\",\"itemListElement\":[{\"@type\":\"ListItem\",\"position\":1,\"name\":\"Home\",\"item\":\"https:\\\/\\\/cinnamonandcoriander.com\\\/de\\\/\"},{\"@type\":\"ListItem\",\"position\":2,\"name\":\"Pfirsich-Kamille-Tartelettes | Ein sommerliches Pfirsich-Dessert\"}]},{\"@type\":\"WebSite\",\"@id\":\"https:\\\/\\\/cinnamonandcoriander.com\\\/de\\\/#website\",\"url\":\"https:\\\/\\\/cinnamonandcoriander.com\\\/de\\\/\",\"name\":\"Cinnamon&amp;Coriander\",\"description\":\"multikulturelle Rezepte aus meiner kanadischen K\u00fcche\",\"publisher\":{\"@id\":\"https:\\\/\\\/cinnamonandcoriander.com\\\/de\\\/#organization\"},\"potentialAction\":[{\"@type\":\"SearchAction\",\"target\":{\"@type\":\"EntryPoint\",\"urlTemplate\":\"https:\\\/\\\/cinnamonandcoriander.com\\\/de\\\/?s={search_term_string}\"},\"query-input\":{\"@type\":\"PropertyValueSpecification\",\"valueRequired\":true,\"valueName\":\"search_term_string\"}}],\"inLanguage\":\"de\"},{\"@type\":\"Organization\",\"@id\":\"https:\\\/\\\/cinnamonandcoriander.com\\\/de\\\/#organization\",\"name\":\"Cinnamon&Coriander\",\"url\":\"https:\\\/\\\/cinnamonandcoriander.com\\\/de\\\/\",\"logo\":{\"@type\":\"ImageObject\",\"inLanguage\":\"de\",\"@id\":\"https:\\\/\\\/cinnamonandcoriander.com\\\/de\\\/#\\\/schema\\\/logo\\\/image\\\/\",\"url\":\"https:\\\/\\\/cinnamonandcoriander.com\\\/wp-content\\\/uploads\\\/2023\\\/09\\\/logo-yoast.png\",\"contentUrl\":\"https:\\\/\\\/cinnamonandcoriander.com\\\/wp-content\\\/uploads\\\/2023\\\/09\\\/logo-yoast.png\",\"width\":566,\"height\":566,\"caption\":\"Cinnamon&Coriander\"},\"image\":{\"@id\":\"https:\\\/\\\/cinnamonandcoriander.com\\\/de\\\/#\\\/schema\\\/logo\\\/image\\\/\"},\"sameAs\":[\"https:\\\/\\\/www.facebook.com\\\/cinnamonandcoriander\\\/\",\"https:\\\/\\\/www.instagram.com\\\/cinnamonandcoriander\\\/\",\"https:\\\/\\\/pinterest.com\\\/kikisurlechamp\\\/\"]},{\"@type\":\"Person\",\"@id\":\"https:\\\/\\\/cinnamonandcoriander.com\\\/de\\\/#\\\/schema\\\/person\\\/f2e574f3f829f50d65505592a83e3c48\",\"name\":\"kikiwp\",\"sameAs\":[\"http:\\\/\\\/cinnamonandcoriander.com\"]}]}<\/script>\n<!-- \/ Yoast SEO plugin. -->","yoast_head_json":{"title":"Pfirsich-Kamille-Tartelettes | Ein sommerliches Pfirsich-Dessert - Cinnamon&amp;Coriander","description":"{:de}Knuspriger Kamille-M\u00fcrbteig mit Schmand-Sahne, gekr\u00f6nt mit in Kamille Sirup blanchierten Pfirsichen - diese Pfirsich Kamille Tartelettes sind himmlisch!{:}","robots":{"index":"index","follow":"follow","max-snippet":"max-snippet:-1","max-image-preview":"max-image-preview:large","max-video-preview":"max-video-preview:-1"},"canonical":"https:\/\/cinnamonandcoriander.com\/de\/pfirsich-kamille-tartelettes\/","og_locale":"de_DE","og_type":"article","og_title":"Pfirsich-Kamille-Tartelettes | Ein sommerliches Pfirsich-Dessert - Cinnamon&amp;Coriander","og_description":"{:de}Knuspriger Kamille-M\u00fcrbteig mit Schmand-Sahne, gekr\u00f6nt mit in Kamille Sirup blanchierten Pfirsichen - diese Pfirsich Kamille Tartelettes sind himmlisch!{:}","og_url":"https:\/\/cinnamonandcoriander.com\/de\/pfirsich-kamille-tartelettes\/","og_site_name":"Cinnamon&amp;Coriander","article_publisher":"https:\/\/www.facebook.com\/cinnamonandcoriander\/","article_published_time":"2014-07-21T10:18:00+00:00","article_modified_time":"2021-08-07T19:39:38+00:00","og_image":[{"width":1140,"height":760,"url":"https:\/\/cinnamonandcoriander.com\/wp-content\/uploads\/2014\/07\/Pfirsich-Kamille-Tartelette.jpg","type":"image\/jpeg"}],"author":"kikiwp","twitter_card":"summary_large_image","twitter_misc":{"Verfasst von":"kikiwp","Gesch\u00e4tzte Lesezeit":"7\u00a0Minuten"},"schema":{"@context":"https:\/\/schema.org","@graph":[{"@type":"Article","@id":"https:\/\/cinnamonandcoriander.com\/de\/pfirsich-kamille-tartelettes\/#article","isPartOf":{"@id":"https:\/\/cinnamonandcoriander.com\/de\/pfirsich-kamille-tartelettes\/"},"author":{"name":"kikiwp","@id":"https:\/\/cinnamonandcoriander.com\/de\/#\/schema\/person\/f2e574f3f829f50d65505592a83e3c48"},"headline":"Pfirsich-Kamille-Tartelettes | Ein sommerliches Pfirsich-Dessert","datePublished":"2014-07-21T10:18:00+00:00","dateModified":"2021-08-07T19:39:38+00:00","mainEntityOfPage":{"@id":"https:\/\/cinnamonandcoriander.com\/de\/pfirsich-kamille-tartelettes\/"},"wordCount":1408,"commentCount":1,"publisher":{"@id":"https:\/\/cinnamonandcoriander.com\/de\/#organization"},"image":{"@id":"https:\/\/cinnamonandcoriander.com\/de\/pfirsich-kamille-tartelettes\/#primaryimage"},"thumbnailUrl":"https:\/\/cinnamonandcoriander.com\/wp-content\/uploads\/2014\/07\/Pfirsich-Kamille-Tartelette.jpg","articleSection":["Europa","Tartes &amp; Pies"],"inLanguage":"de","potentialAction":[{"@type":"CommentAction","name":"Comment","target":["https:\/\/cinnamonandcoriander.com\/de\/pfirsich-kamille-tartelettes\/#respond"]}]},{"@type":"WebPage","@id":"https:\/\/cinnamonandcoriander.com\/de\/pfirsich-kamille-tartelettes\/","url":"https:\/\/cinnamonandcoriander.com\/de\/pfirsich-kamille-tartelettes\/","name":"Pfirsich-Kamille-Tartelettes | Ein sommerliches Pfirsich-Dessert - Cinnamon&amp;Coriander","isPartOf":{"@id":"https:\/\/cinnamonandcoriander.com\/de\/#website"},"primaryImageOfPage":{"@id":"https:\/\/cinnamonandcoriander.com\/de\/pfirsich-kamille-tartelettes\/#primaryimage"},"image":{"@id":"https:\/\/cinnamonandcoriander.com\/de\/pfirsich-kamille-tartelettes\/#primaryimage"},"thumbnailUrl":"https:\/\/cinnamonandcoriander.com\/wp-content\/uploads\/2014\/07\/Pfirsich-Kamille-Tartelette.jpg","datePublished":"2014-07-21T10:18:00+00:00","dateModified":"2021-08-07T19:39:38+00:00","description":"{:de}Knuspriger Kamille-M\u00fcrbteig mit Schmand-Sahne, gekr\u00f6nt mit in Kamille Sirup blanchierten Pfirsichen - diese Pfirsich Kamille Tartelettes sind himmlisch!{:}","breadcrumb":{"@id":"https:\/\/cinnamonandcoriander.com\/de\/pfirsich-kamille-tartelettes\/#breadcrumb"},"inLanguage":"de","potentialAction":[{"@type":"ReadAction","target":["https:\/\/cinnamonandcoriander.com\/de\/pfirsich-kamille-tartelettes\/"]}]},{"@type":"ImageObject","inLanguage":"de","@id":"https:\/\/cinnamonandcoriander.com\/de\/pfirsich-kamille-tartelettes\/#primaryimage","url":"https:\/\/cinnamonandcoriander.com\/wp-content\/uploads\/2014\/07\/Pfirsich-Kamille-Tartelette.jpg","contentUrl":"https:\/\/cinnamonandcoriander.com\/wp-content\/uploads\/2014\/07\/Pfirsich-Kamille-Tartelette.jpg","width":1140,"height":760},{"@type":"BreadcrumbList","@id":"https:\/\/cinnamonandcoriander.com\/de\/pfirsich-kamille-tartelettes\/#breadcrumb","itemListElement":[{"@type":"ListItem","position":1,"name":"Home","item":"https:\/\/cinnamonandcoriander.com\/de\/"},{"@type":"ListItem","position":2,"name":"Pfirsich-Kamille-Tartelettes | Ein sommerliches Pfirsich-Dessert"}]},{"@type":"WebSite","@id":"https:\/\/cinnamonandcoriander.com\/de\/#website","url":"https:\/\/cinnamonandcoriander.com\/de\/","name":"Cinnamon&amp;Coriander","description":"multikulturelle Rezepte aus meiner kanadischen K\u00fcche","publisher":{"@id":"https:\/\/cinnamonandcoriander.com\/de\/#organization"},"potentialAction":[{"@type":"SearchAction","target":{"@type":"EntryPoint","urlTemplate":"https:\/\/cinnamonandcoriander.com\/de\/?s={search_term_string}"},"query-input":{"@type":"PropertyValueSpecification","valueRequired":true,"valueName":"search_term_string"}}],"inLanguage":"de"},{"@type":"Organization","@id":"https:\/\/cinnamonandcoriander.com\/de\/#organization","name":"Cinnamon&Coriander","url":"https:\/\/cinnamonandcoriander.com\/de\/","logo":{"@type":"ImageObject","inLanguage":"de","@id":"https:\/\/cinnamonandcoriander.com\/de\/#\/schema\/logo\/image\/","url":"https:\/\/cinnamonandcoriander.com\/wp-content\/uploads\/2023\/09\/logo-yoast.png","contentUrl":"https:\/\/cinnamonandcoriander.com\/wp-content\/uploads\/2023\/09\/logo-yoast.png","width":566,"height":566,"caption":"Cinnamon&Coriander"},"image":{"@id":"https:\/\/cinnamonandcoriander.com\/de\/#\/schema\/logo\/image\/"},"sameAs":["https:\/\/www.facebook.com\/cinnamonandcoriander\/","https:\/\/www.instagram.com\/cinnamonandcoriander\/","https:\/\/pinterest.com\/kikisurlechamp\/"]},{"@type":"Person","@id":"https:\/\/cinnamonandcoriander.com\/de\/#\/schema\/person\/f2e574f3f829f50d65505592a83e3c48","name":"kikiwp","sameAs":["http:\/\/cinnamonandcoriander.com"]}]}},"_links":{"self":[{"href":"https:\/\/cinnamonandcoriander.com\/de\/wp-json\/wp\/v2\/posts\/147","targetHints":{"allow":["GET"]}}],"collection":[{"href":"https:\/\/cinnamonandcoriander.com\/de\/wp-json\/wp\/v2\/posts"}],"about":[{"href":"https:\/\/cinnamonandcoriander.com\/de\/wp-json\/wp\/v2\/types\/post"}],"author":[{"embeddable":true,"href":"https:\/\/cinnamonandcoriander.com\/de\/wp-json\/wp\/v2\/users\/1"}],"replies":[{"embeddable":true,"href":"https:\/\/cinnamonandcoriander.com\/de\/wp-json\/wp\/v2\/comments?post=147"}],"version-history":[{"count":0,"href":"https:\/\/cinnamonandcoriander.com\/de\/wp-json\/wp\/v2\/posts\/147\/revisions"}],"wp:featuredmedia":[{"embeddable":true,"href":"https:\/\/cinnamonandcoriander.com\/de\/wp-json\/wp\/v2\/media\/922"}],"wp:attachment":[{"href":"https:\/\/cinnamonandcoriander.com\/de\/wp-json\/wp\/v2\/media?parent=147"}],"wp:term":[{"taxonomy":"category","embeddable":true,"href":"https:\/\/cinnamonandcoriander.com\/de\/wp-json\/wp\/v2\/categories?post=147"},{"taxonomy":"post_tag","embeddable":true,"href":"https:\/\/cinnamonandcoriander.com\/de\/wp-json\/wp\/v2\/tags?post=147"}],"curies":[{"name":"wp","href":"https:\/\/api.w.org\/{rel}","templated":true}]}}